{"id":2660,"date":"2024-03-21T08:10:35","date_gmt":"2024-03-21T08:10:35","guid":{"rendered":"https:\/\/www.thefutureisneutral.com\/?post_type=news&#038;p=2660"},"modified":"2024-04-23T14:50:11","modified_gmt":"2024-04-23T14:50:11","slug":"linnovation-au-coeur-de-leconomie-circulaire-automobile","status":"publish","type":"news","link":"https:\/\/www.thefutureisneutral.com\/fr\/news\/linnovation-au-coeur-de-leconomie-circulaire-automobile\/","title":{"rendered":"L\u2019innovation, au c\u0153ur de l\u2019\u00e9conomie circulaire automobile"},"content":{"rendered":"\n<div class=\"herobanner-txt-img\" data-scroll data-scroll-section>\n    <div class=\"cp-inner max-w d-flex flex-wrap\">\n        <div class=\"left col-12 col-sm-6 col-sm-6\">\n            <div class=\"text\">\n                                    <h1 class=\"title\">\n                        <span class=\"anybody-c w-600 txt-46 uppercase c-white\">\n                           L\u2019innovation, au c\u0153ur                        <\/span>\n                                                    <br>\n                            <span class=\"anybody-c w-600 txt-46 uppercase stroke-c-white\">\n                                de l\u2019\u00e9conomie circulaire automobile                            <\/span>\n                                            <\/h1>\n                \n                \n                            <\/div>\n\n        <\/div>\n        <div class=\"right col-12 col-sm-6\">\n                            <div class=\"img\">\n                    <img decoding=\"async\"\n                        src=\"https:\/\/www.thefutureisneutral.com\/app\/uploads\/2024\/03\/resized.jpg\"\n                        alt=\"L\u2019INNOVATION, AU C\u0152UR DE L\u2019\u00c9CONOMIE CIRCULAIRE AUTOMOBILE\"\n                    \/>\n                <\/div>\n            \n            \n        <\/div>\n    <\/div>\n            <canvas class=\"bg-gradient-animated height-100\" data-color=\"purple\" data-position=\"left_center\"><\/canvas>\n    <\/div>\n\n\n\n\n<div id=\"cp-wysiwyg-block_c4bfc4c347b60f6e2a60f0a3780058e0\" class=\"cp-wysiwyg\" data-scroll-section>\n    <div class=\"max-w cp-inner d-flex\">\n        <div class=\"col-12 col-lg-10 offset-lg-1\">\n\n                            <ul>\n<li><strong>A l\u2019occasion du salon ChangeNOW 2024, le Hub d\u2019open innovation de The Future is NEUTRAL lance sa 3<em><sup>e <\/sup><\/em>campagne d\u2019incubation de startups. <\/strong><\/li>\n<li><strong>30 startups ont d\u00e9j\u00e0 \u00e9t\u00e9 incub\u00e9es depuis le d\u00e9but du lancement du Hub<\/strong><\/li>\n<li><strong>Le Hub est implant\u00e9 \u00e0 la Refactory, ce qui permet aux startups de b\u00e9n\u00e9ficier de capacit\u00e9s industrielles et favorise le passage \u00e0 l\u2019\u00e9chelle <\/strong><\/li>\n<\/ul>\n                    <\/div>\n\n    <\/div>\n<\/div>\n\n\n\n\n<div id=\"cp-video-txt-cta-1\" class=\"cp-video-txt-cta custom-video\">\n    <div class=\"max-w cp-inner d-flex flex-wrap\">\n                    <div class=\"col-12 col-lg-6 mb-3 mb-lg-0 illust\">\n                <img decoding=\"async\" src=\"https:\/\/www.thefutureisneutral.com\/app\/uploads\/2024\/03\/maxresdefault.jpg\" alt=\"\">\n                <button class=\"open-modal\" aria-label=\"Play video\" aria-labelledby=\"video-modal-cp-video-txt-cta-1\">\n                    <svg aria-hidden=\"true\" focusable=\"false\" xmlns=\"http:\/\/www.w3.org\/2000\/svg\" width=\"80\" height=\"80\" viewBox=\"0 0 80 80\" fill=\"none\">\n                        <path fill-rule=\"evenodd\" clip-rule=\"evenodd\" d=\"M80 40C80 62.0914 62.0914 80 40 80C17.9086 80 0 62.0914 0 40C0 17.9086 17.9086 0 40 0C62.0914 0 80 17.9086 80 40ZM52.0794 39.5757C43.9412 34.4893 38.5165 31.6317 30.7461 28.3533V52.3534C38.5165 49.075 43.9412 46.2165 52.0794 41.1309V39.5757Z\" fill=\"white\"\/>\n                    <\/svg>\n                <\/button>\n            <\/div>\n                <div class=\"col-12 col-lg-5 offset-lg-1 d-flex column my-auto\">\n            <div class=\"content\">\n                                                    <div class=\"cp-wysiwyg mb-3\">\n                        <h2>Hub d\u2019open innovation, les startups au c\u0153ur de l\u2019\u00e9conomie circulaire automobile<\/h2>\n<p>Cr\u00e9\u00e9 en septembre 2021 et implant\u00e9 au c\u0153ur du site industriel de la Refactory de Flins, le Hub d\u2019open innovation de The Future Is NEUTRAL accompagne les startups proposant des solutions climatiques \u00e0 travers une approche d\u2019\u00e9conomie circulaire et un passage \u00e0 l\u2019\u00e9chelle industrielle.<\/p>\n                    <\/div>\n                                            <\/div>\n        <\/div>\n    <\/div>\n<\/div>\n\n\n<div id=\"video-modal-2660\" class=\"video-modal\" role=\"dialog\" aria-modal=\"true\" inert>\n    <div class=\"modal-inner\">\n                    <div id=\"player\"\n                class=\"video-plyr\"\n                data-plyr-provider=\"youtube\"\n                data-plyr-config='{ \"youtube\": {controls: 0, rel: 0} }'\n                data-plyr-embed-id=\"https:\/\/www.youtube.com\/watch?v=BUdQcWq2V9A\">\n            <\/div>\n                                <button class=\"close-modal\" aria-label=\"Fermer la fen\u00eatre vid\u00e9o\" title=\"Fermer la fen\u00eatre vid\u00e9o\">\n            <svg width=\"64\" height=\"64\" viewBox=\"0 0 64 64\" fill=\"none\" xmlns=\"http:\/\/www.w3.org\/2000\/svg\">\n                <rect width=\"64\" height=\"64\" fill=\"white\"\/>\n                <path d=\"M33.4142 31.9986L41.1938 39.7782L39.7796 41.1924L32 33.4128L24.2204 41.1924L22.8062 39.7782L30.5858 31.9986L22.809 24.2218L24.2232 22.8076L32 30.5844L39.7768 22.8076L41.191 24.2218L33.4142 31.9986Z\" fill=\"black\"\/>\n            <\/svg>\n        <\/button>\n    <\/div>\n<\/div>\n\n\n\n<div id=\"cp-wysiwyg-block_0f2ddb64418c3758a29841bf2b445c77\" class=\"cp-wysiwyg\" data-scroll-section>\n    <div class=\"max-w cp-inner d-flex\">\n        <div class=\"col-12 col-lg-10 offset-lg-1\">\n\n                            <p>Le Hub d\u2019innovation de The Future Is NEUTRAL sera pr\u00e9sent lors du salon ChangeNOW 2024, qui se tiendra du 25 au 27 mars au Grand Palais \u00c9ph\u00e9m\u00e8re \u00e0 Paris. Une occasion parfaite pour lancer sa <a href=\"https:\/\/hub.refactorybyrenaultgroup.com\/program\/the-future-is-neutral\/register\" target=\"_blank\" rel=\"noopener\"><strong>3<sup>e <\/sup>campagne d\u2019incubation de startups<\/strong><\/a>.<\/p>\n<p>Implant\u00e9 au c\u0153ur du site industriel de la Refactory, le Hub d\u2019innovation soutient les startups contribuant aux solutions climatiques \u00e0 travers une approche d\u2019\u00e9conomie circulaire et un passage \u00e0 l\u2019\u00e9chelle industrielle.<\/p>\n<p>Pour ce faire, le Hub propose deux types d\u2019activit\u00e9s principales :<\/p>\n<ul>\n<li>Un <u>accompagnement de 6 mois<\/u>\u00a0qui permet aux startups de prendre en compte l\u2019\u00e9conomie circulaire \u00e0 chaque \u00e9tape de leur projet &#8211; \u00e9co-conception, choix des mat\u00e9riaux, r\u00e9parabilit\u00e9, r\u00e9utilisation et recyclabilit\u00e9 \u2013 en \u00e9tant suivi et soutenu par une cinquantaine d\u2019experts capables d\u2019accompagner les startups sur la dur\u00e9e.<\/li>\n<\/ul>\n<p>D\u2019ailleurs, le 28 mars 2024 aura lieu \u00e0 la Refactory, la cl\u00f4ture de la seconde promotion de startups \u00e0 l\u2019occasion du D\u00e9mo Day, \u00e9v\u00e8nement o\u00f9 sera pr\u00e9sent\u00e9 l\u2019aboutissement des projets incub\u00e9s en 2023.<\/p>\n<ul>\n<li>Une <u>offre d\u2019industrialisation \u00ab cl\u00e9 en main \u00bb<\/u>\u00a0bas\u00e9e sur les capacit\u00e9s industrielles, les m\u00e9thodes, les savoir-faire et la main d\u2019\u0153uvre qualifi\u00e9e de la Refactory \u00e0 Flins.<\/li>\n<\/ul>\n<p>C\u2019est ce dont a b\u00e9n\u00e9fici\u00e9 Virvolt, une jeune entreprise produisant des kits d\u2019<strong><a href=\"https:\/\/www.usinenouvelle.com\/article\/desormais-la-moitie-des-velos-fabriques-en-france-sont-electriques.N2119466\" target=\"_blank\" rel=\"noopener\">\u00e9lectrification de v\u00e9lo<\/a><\/strong>.<\/p>\n<p><em>\u00ab Nous aurions \u00e9t\u00e9 incapables humainement et financi\u00e8rement de nous lancer dans l\u2019industrialisation d\u2019un moteur sans \u00eatre accompagn\u00e9 par un groupe dot\u00e9 d&#8217;une expertise industrielle\u00a0\u00bb<\/em>, affirme <strong>Yvan\u00a0de\u00a0la\u00a0Baume, le directeur g\u00e9n\u00e9ral et co-fondateur de Virvolt<\/strong>.<\/p>\n                    <\/div>\n\n    <\/div>\n<\/div>\n\n\n\n\n<div id=\"cp-interview.-block_0a9db24fb5a88ae44d023d95bec8526b\" class=\"cp-interview\" data-scroll-section>\n    <div class=\"max-w cp-inner d-flex flex-wrap\">\n        <div class=\"col-12 col-lg-4 offset-lg-1 left\">\n                            <img decoding=\"async\" src=\"https:\/\/www.thefutureisneutral.com\/app\/uploads\/2024\/03\/Nouveau-projet-7.jpg\"  alt=\"Nathalie Rey, Responsable du Hub d\u2019open innovation de The Future is NEUTRAL\">\n                    <\/div>\n        <div class=\"col-12 col-lg-6 right\">\n            <div>\n                <div class=\"top\">\n                    <div class=\"txt-32 w-700 uppercase anybody-c\">Nathalie Rey<\/div>\n                    <div class=\"txt-22 w-600\">Directrice du Hub d\u2019open innovation de The Future is NEUTRAL<\/div>\n                <\/div>\n                <div class=\"txt\">\n                    <div>\n                        <p>\n                            \u00ab La vocation du Hub de The Future Is NEUTRAL est d\u2019accompagner les startups, au-del\u00e0 de l\u2019automobile, vers la prise en compte de l\u2019\u00e9conomie circulaire. Depuis sa cr\u00e9ation, nous avons accompagn\u00e9 plus de 30 projets et nous lan\u00e7ons le 3e appel \u00e0 candidature pour les startups qui proposent des solutions climatiques li\u00e9es \u00e0 l\u2019\u00e9conomie circulaire. Pour moi, ChangeNOW est une opportunit\u00e9 pr\u00e9cieuse, que je vais saisir en tant que membre du jury des sessions de pitchs des startups intervenant dans le domaine de l\u2019\u00e9conomie circulaire. \u00bb                        <\/p>\n                    <\/div>\n                                    <\/div>\n            <\/div>\n\n        <\/div>\n    <\/div>\n<\/div>\n\n\n\n\n<div id=\"cp-cards-block_744889e293ac59ee3630ebb34ef3f6e4\" class=\"cp-cards \">\n        <div class=\"cp-inner max-w\">\n        <div class=\"col-12\">\n            <h2 class=\"txt-72 anybody-c w-600 c-white mb-2\">\n                CES CONTENUS                                <br>\n                <span class=\"stroke-c-white w-600\">PEUVENT VOUS INT\u00c9RESSER<\/span>\n                            <\/h2>\n        <\/div>\n    <\/div>\n        <div class=\"cp-inner max-w d-flex flex-wrap list\">\n        <div class=\"swiper swiper-cp-cards\">\n            <div class=\"swiper-wrapper\">\n                                    <div class=\"swiper-slide\">\n        <div class=\"c-white card-news\">\n            <div class=\"card-inner\">\n                <div class=\"img\">\n\n                                            <div class=\"img\">\n                            <picture class=\"width-100\">\n                                <source media=\"(max-width: 767px)\"\n                                        srcset=\"https:\/\/www.thefutureisneutral.com\/app\/uploads\/2024\/03\/798x584_resized-2.jpg\"\/>\n                                <source media=\"(min-width: 768px)\"\n                                        srcset=\"https:\/\/www.thefutureisneutral.com\/app\/uploads\/2024\/03\/798x584_resized-2.jpg\"\/>\n                                <img decoding=\"async\"\n                                        src=\"https:\/\/www.thefutureisneutral.com\/app\/uploads\/2024\/03\/798x584_resized-2.jpg\"\n                                        alt=\"JEAN-PHILIPPE BAHUAUD, DG de The Future Is NEUTRAL lors d'une conf\u00e9rence \u00e0 changenow\"\/>\n                            <\/picture>\n                                                    <\/div>\n                                                                <div class=\"tag anybody-c uppercase\">Articles<\/div>\n                    \n                <\/div>\n                <div class=\"text\">\n\n                    \n                    <h3 class=\"txt-22\">The Future is NEUTRAL pr\u00f4ne le mod\u00e8le circulaire pour le secteur automobile lors du salon ChangeNOW<\/h3>\n                    <!-- -->\n                                        <a href=\"https:\/\/www.thefutureisneutral.com\/fr\/news\/the-future-is-neutral-prone-le-modele-circulaire-pour-le-secteur-automobile-lors-du-salon-changenow\/\" class=\"stretched-link\"><\/a>\n                <\/div>\n\n            <\/div>\n        <\/div>\n\n    <\/div><div class=\"swiper-slide\">\n        <div class=\"c-white card-news\">\n            <div class=\"card-inner\">\n                <div class=\"img\">\n\n                                            <div class=\"img\">\n                            <picture class=\"width-100\">\n                                <source media=\"(max-width: 767px)\"\n                                        srcset=\"https:\/\/www.thefutureisneutral.com\/app\/uploads\/2024\/03\/798x584_resized.jpg\"\/>\n                                <source media=\"(min-width: 768px)\"\n                                        srcset=\"https:\/\/www.thefutureisneutral.com\/app\/uploads\/2024\/03\/798x584_resized.jpg\"\/>\n                                <img decoding=\"async\"\n                                        src=\"https:\/\/www.thefutureisneutral.com\/app\/uploads\/2024\/03\/798x584_resized.jpg\"\n                                        alt=\"table ronde \u00e0 la convention annuelle d\u2019Indra\"\/>\n                            <\/picture>\n                                                    <\/div>\n                                                                <div class=\"tag anybody-c uppercase\">Articles<\/div>\n                    \n                <\/div>\n                <div class=\"text\">\n\n                    \n                    <h3 class=\"txt-22\">Participation record \u00e0 la convention annuelle d&#8217;Indra<\/h3>\n                    <!-- -->\n                                        <a href=\"https:\/\/www.thefutureisneutral.com\/fr\/news\/participation-record-a-la-convention-annuelle-dindra\/\" class=\"stretched-link\"><\/a>\n                <\/div>\n\n            <\/div>\n        <\/div>\n\n    <\/div><div class=\"swiper-slide\">\n        <div class=\"c-white card-news\">\n            <div class=\"card-inner\">\n                <div class=\"img\">\n\n                                            <div class=\"img\">\n                            <picture class=\"width-100\">\n                                <source media=\"(max-width: 767px)\"\n                                        srcset=\"https:\/\/www.thefutureisneutral.com\/app\/uploads\/2024\/03\/798x584_resized-1.jpg\"\/>\n                                <source media=\"(min-width: 768px)\"\n                                        srcset=\"https:\/\/www.thefutureisneutral.com\/app\/uploads\/2024\/03\/798x584_resized-1.jpg\"\/>\n                                <img decoding=\"async\"\n                                        src=\"https:\/\/www.thefutureisneutral.com\/app\/uploads\/2024\/03\/798x584_resized-1.jpg\"\n                                        alt=\"JEAN-PHILIPPE BAHUAUD, DG de The Future Is NEUTRAL et luca de meo, CEO de Renault Group\"\/>\n                            <\/picture>\n                                                    <\/div>\n                                                                <div class=\"tag anybody-c uppercase\">Communiqu\u00e9s de presse<\/div>\n                    \n                <\/div>\n                <div class=\"text\">\n\n                    \n                    <h3 class=\"txt-22\">The Future Is NEUTRAL\u00a0: l\u2019\u00e9conomie circulaire entre dans une nouvelle \u00e8re<\/h3>\n                    <!-- -->\n                                        <a href=\"https:\/\/www.thefutureisneutral.com\/fr\/news\/the-future-is-neutral-leconomie-circulaire-entre-dans-une-nouvelle-ere\/\" class=\"stretched-link\"><\/a>\n                <\/div>\n\n            <\/div>\n        <\/div>\n\n    <\/div>                            <\/div>\n            <div class=\"scrollbar-c\">\n                <div class=\"swiper-scrollbar swiper-scrollbar-cp-cards swiper-scrollbar-custom\"><\/div>\n            <\/div>\n        <\/div>\n\n    <\/div>\n            <canvas class=\"bg-gradient-animated height-100\" data-color=\"purple\" data-position=\"left_center\"><\/canvas>\n    <\/div>","protected":false},"author":2,"featured_media":2664,"menu_order":0,"template":"","news_types":[44],"class_list":["post-2660","news","type-news","status-publish","has-post-thumbnail","hentry","new_types-articles_fr"],"acf":[],"yoast_head":"<!-- This site is optimized with the Yoast SEO plugin v21.8 - https:\/\/yoast.com\/wordpress\/plugins\/seo\/ -->\n<title>L\u2019innovation, au c\u0153ur de l\u2019\u00e9conomie circulaire automobile - The Future Is Neutral<\/title>\n<meta name=\"description\" content=\"Le Hub d\u2019innovation de The Future Is NEUTRAL sera pr\u00e9sent lors du salon ChangeNOW 2024, qui se tiendra du 25 au 27 mars au Grand Palais \u00c9ph\u00e9m\u00e8re \u00e0 Paris. Une occasion parfaite pour lancer sa 3\u00e8me campagne d\u2019incubation de startups.\" \/>\n<meta name=\"robots\" content=\"index, follow, max-snippet:-1, max-image-preview:large, max-video-preview:-1\" \/>\n<link rel=\"canonical\" href=\"https:\/\/www.thefutureisneutral.com\/fr\/news\/linnovation-au-coeur-de-leconomie-circulaire-automobile\/\" \/>\n<meta property=\"og:locale\" content=\"fr_FR\" \/>\n<meta property=\"og:type\" content=\"article\" \/>\n<meta property=\"og:title\" content=\"L\u2019innovation, au c\u0153ur de l\u2019\u00e9conomie circulaire automobile - The Future Is Neutral\" \/>\n<meta property=\"og:description\" content=\"Le Hub d\u2019innovation de The Future Is NEUTRAL sera pr\u00e9sent lors du salon ChangeNOW 2024, qui se tiendra du 25 au 27 mars au Grand Palais \u00c9ph\u00e9m\u00e8re \u00e0 Paris. Une occasion parfaite pour lancer sa 3\u00e8me campagne d\u2019incubation de startups.\" \/>\n<meta property=\"og:url\" content=\"https:\/\/www.thefutureisneutral.com\/fr\/news\/linnovation-au-coeur-de-leconomie-circulaire-automobile\/\" \/>\n<meta property=\"og:site_name\" content=\"The Future Is Neutral\" \/>\n<meta property=\"article:modified_time\" content=\"2024-04-23T14:50:11+00:00\" \/>\n<meta property=\"og:image\" content=\"https:\/\/www.thefutureisneutral.com\/app\/uploads\/2024\/03\/resized.jpg\" \/>\n\t<meta property=\"og:image:width\" content=\"798\" \/>\n\t<meta property=\"og:image:height\" content=\"584\" \/>\n\t<meta property=\"og:image:type\" content=\"image\/jpeg\" \/>\n<meta name=\"twitter:card\" content=\"summary_large_image\" \/>\n<meta name=\"twitter:label1\" content=\"Est. reading time\" \/>\n\t<meta name=\"twitter:data1\" content=\"1 minute\" \/>\n<script type=\"application\/ld+json\" class=\"yoast-schema-graph\">{\"@context\":\"https:\/\/schema.org\",\"@graph\":[{\"@type\":\"WebPage\",\"@id\":\"https:\/\/www.thefutureisneutral.com\/fr\/news\/linnovation-au-coeur-de-leconomie-circulaire-automobile\/\",\"url\":\"https:\/\/www.thefutureisneutral.com\/fr\/news\/linnovation-au-coeur-de-leconomie-circulaire-automobile\/\",\"name\":\"L\u2019innovation, au c\u0153ur de l\u2019\u00e9conomie circulaire automobile - The Future Is Neutral\",\"isPartOf\":{\"@id\":\"https:\/\/www.thefutureisneutral.com\/fr\/#website\"},\"datePublished\":\"2024-03-21T08:10:35+00:00\",\"dateModified\":\"2024-04-23T14:50:11+00:00\",\"description\":\"Le Hub d\u2019innovation de The Future Is NEUTRAL sera pr\u00e9sent lors du salon ChangeNOW 2024, qui se tiendra du 25 au 27 mars au Grand Palais \u00c9ph\u00e9m\u00e8re \u00e0 Paris. Une occasion parfaite pour lancer sa 3\u00e8me campagne d\u2019incubation de startups.\",\"breadcrumb\":{\"@id\":\"https:\/\/www.thefutureisneutral.com\/fr\/news\/linnovation-au-coeur-de-leconomie-circulaire-automobile\/#breadcrumb\"},\"inLanguage\":\"fr-FR\",\"potentialAction\":[{\"@type\":\"ReadAction\",\"target\":[\"https:\/\/www.thefutureisneutral.com\/fr\/news\/linnovation-au-coeur-de-leconomie-circulaire-automobile\/\"]}]},{\"@type\":\"BreadcrumbList\",\"@id\":\"https:\/\/www.thefutureisneutral.com\/fr\/news\/linnovation-au-coeur-de-leconomie-circulaire-automobile\/#breadcrumb\",\"itemListElement\":[{\"@type\":\"ListItem\",\"position\":1,\"name\":\"Home\",\"item\":\"https:\/\/www.thefutureisneutral.com\/fr\/\"},{\"@type\":\"ListItem\",\"position\":2,\"name\":\"L\u2019innovation, au c\u0153ur de l\u2019\u00e9conomie circulaire automobile\"}]},{\"@type\":\"WebSite\",\"@id\":\"https:\/\/www.thefutureisneutral.com\/fr\/#website\",\"url\":\"https:\/\/www.thefutureisneutral.com\/fr\/\",\"name\":\"The Future Is Neutral\",\"description\":\"\",\"publisher\":{\"@id\":\"https:\/\/www.thefutureisneutral.com\/fr\/#organization\"},\"potentialAction\":[{\"@type\":\"SearchAction\",\"target\":{\"@type\":\"EntryPoint\",\"urlTemplate\":\"https:\/\/www.thefutureisneutral.com\/fr\/?s={search_term_string}\"},\"query-input\":\"required name=search_term_string\"}],\"inLanguage\":\"fr-FR\"},{\"@type\":\"Organization\",\"@id\":\"https:\/\/www.thefutureisneutral.com\/fr\/#organization\",\"name\":\"The Future Is Neutral\",\"url\":\"https:\/\/www.thefutureisneutral.com\/fr\/\",\"logo\":{\"@type\":\"ImageObject\",\"inLanguage\":\"fr-FR\",\"@id\":\"https:\/\/www.thefutureisneutral.com\/fr\/#\/schema\/logo\/image\/\",\"url\":\"https:\/\/www.thefutureisneutral.com\/app\/uploads\/2024\/02\/0fcf8d27fb4aa2a16ac64c8989c3b9a2-l.jpg.webp\",\"contentUrl\":\"https:\/\/www.thefutureisneutral.com\/app\/uploads\/2024\/02\/0fcf8d27fb4aa2a16ac64c8989c3b9a2-l.jpg.webp\",\"width\":2000,\"height\":1125,\"caption\":\"The Future Is Neutral\"},\"image\":{\"@id\":\"https:\/\/www.thefutureisneutral.com\/fr\/#\/schema\/logo\/image\/\"},\"sameAs\":[\"https:\/\/www.linkedin.com\/company\/the-future-is-neutral\/\",\"https:\/\/www.youtube.com\/channel\/UCM7Q2CTHTbycgNXfxJjky0g\"]}]}<\/script>\n<!-- \/ Yoast SEO plugin. -->","yoast_head_json":{"title":"L\u2019innovation, au c\u0153ur de l\u2019\u00e9conomie circulaire automobile - The Future Is Neutral","description":"Le Hub d\u2019innovation de The Future Is NEUTRAL sera pr\u00e9sent lors du salon ChangeNOW 2024, qui se tiendra du 25 au 27 mars au Grand Palais \u00c9ph\u00e9m\u00e8re \u00e0 Paris. Une occasion parfaite pour lancer sa 3\u00e8me campagne d\u2019incubation de startups.","robots":{"index":"index","follow":"follow","max-snippet":"max-snippet:-1","max-image-preview":"max-image-preview:large","max-video-preview":"max-video-preview:-1"},"canonical":"https:\/\/www.thefutureisneutral.com\/fr\/news\/linnovation-au-coeur-de-leconomie-circulaire-automobile\/","og_locale":"fr_FR","og_type":"article","og_title":"L\u2019innovation, au c\u0153ur de l\u2019\u00e9conomie circulaire automobile - The Future Is Neutral","og_description":"Le Hub d\u2019innovation de The Future Is NEUTRAL sera pr\u00e9sent lors du salon ChangeNOW 2024, qui se tiendra du 25 au 27 mars au Grand Palais \u00c9ph\u00e9m\u00e8re \u00e0 Paris. Une occasion parfaite pour lancer sa 3\u00e8me campagne d\u2019incubation de startups.","og_url":"https:\/\/www.thefutureisneutral.com\/fr\/news\/linnovation-au-coeur-de-leconomie-circulaire-automobile\/","og_site_name":"The Future Is Neutral","article_modified_time":"2024-04-23T14:50:11+00:00","og_image":[{"width":798,"height":584,"url":"https:\/\/www.thefutureisneutral.com\/app\/uploads\/2024\/03\/resized.jpg","type":"image\/jpeg"}],"twitter_card":"summary_large_image","twitter_misc":{"Est. reading time":"1 minute"},"schema":{"@context":"https:\/\/schema.org","@graph":[{"@type":"WebPage","@id":"https:\/\/www.thefutureisneutral.com\/fr\/news\/linnovation-au-coeur-de-leconomie-circulaire-automobile\/","url":"https:\/\/www.thefutureisneutral.com\/fr\/news\/linnovation-au-coeur-de-leconomie-circulaire-automobile\/","name":"L\u2019innovation, au c\u0153ur de l\u2019\u00e9conomie circulaire automobile - The Future Is Neutral","isPartOf":{"@id":"https:\/\/www.thefutureisneutral.com\/fr\/#website"},"datePublished":"2024-03-21T08:10:35+00:00","dateModified":"2024-04-23T14:50:11+00:00","description":"Le Hub d\u2019innovation de The Future Is NEUTRAL sera pr\u00e9sent lors du salon ChangeNOW 2024, qui se tiendra du 25 au 27 mars au Grand Palais \u00c9ph\u00e9m\u00e8re \u00e0 Paris. Une occasion parfaite pour lancer sa 3\u00e8me campagne d\u2019incubation de startups.","breadcrumb":{"@id":"https:\/\/www.thefutureisneutral.com\/fr\/news\/linnovation-au-coeur-de-leconomie-circulaire-automobile\/#breadcrumb"},"inLanguage":"fr-FR","potentialAction":[{"@type":"ReadAction","target":["https:\/\/www.thefutureisneutral.com\/fr\/news\/linnovation-au-coeur-de-leconomie-circulaire-automobile\/"]}]},{"@type":"BreadcrumbList","@id":"https:\/\/www.thefutureisneutral.com\/fr\/news\/linnovation-au-coeur-de-leconomie-circulaire-automobile\/#breadcrumb","itemListElement":[{"@type":"ListItem","position":1,"name":"Home","item":"https:\/\/www.thefutureisneutral.com\/fr\/"},{"@type":"ListItem","position":2,"name":"L\u2019innovation, au c\u0153ur de l\u2019\u00e9conomie circulaire automobile"}]},{"@type":"WebSite","@id":"https:\/\/www.thefutureisneutral.com\/fr\/#website","url":"https:\/\/www.thefutureisneutral.com\/fr\/","name":"The Future Is Neutral","description":"","publisher":{"@id":"https:\/\/www.thefutureisneutral.com\/fr\/#organization"},"potentialAction":[{"@type":"SearchAction","target":{"@type":"EntryPoint","urlTemplate":"https:\/\/www.thefutureisneutral.com\/fr\/?s={search_term_string}"},"query-input":"required name=search_term_string"}],"inLanguage":"fr-FR"},{"@type":"Organization","@id":"https:\/\/www.thefutureisneutral.com\/fr\/#organization","name":"The Future Is Neutral","url":"https:\/\/www.thefutureisneutral.com\/fr\/","logo":{"@type":"ImageObject","inLanguage":"fr-FR","@id":"https:\/\/www.thefutureisneutral.com\/fr\/#\/schema\/logo\/image\/","url":"https:\/\/www.thefutureisneutral.com\/app\/uploads\/2024\/02\/0fcf8d27fb4aa2a16ac64c8989c3b9a2-l.jpg.webp","contentUrl":"https:\/\/www.thefutureisneutral.com\/app\/uploads\/2024\/02\/0fcf8d27fb4aa2a16ac64c8989c3b9a2-l.jpg.webp","width":2000,"height":1125,"caption":"The Future Is Neutral"},"image":{"@id":"https:\/\/www.thefutureisneutral.com\/fr\/#\/schema\/logo\/image\/"},"sameAs":["https:\/\/www.linkedin.com\/company\/the-future-is-neutral\/","https:\/\/www.youtube.com\/channel\/UCM7Q2CTHTbycgNXfxJjky0g"]}]}},"_links":{"self":[{"href":"https:\/\/www.thefutureisneutral.com\/fr\/wp-json\/wp\/v2\/news\/2660","targetHints":{"allow":["GET"]}}],"collection":[{"href":"https:\/\/www.thefutureisneutral.com\/fr\/wp-json\/wp\/v2\/news"}],"about":[{"href":"https:\/\/www.thefutureisneutral.com\/fr\/wp-json\/wp\/v2\/types\/news"}],"author":[{"embeddable":true,"href":"https:\/\/www.thefutureisneutral.com\/fr\/wp-json\/wp\/v2\/users\/2"}],"wp:featuredmedia":[{"embeddable":true,"href":"https:\/\/www.thefutureisneutral.com\/fr\/wp-json\/wp\/v2\/media\/2664"}],"wp:attachment":[{"href":"https:\/\/www.thefutureisneutral.com\/fr\/wp-json\/wp\/v2\/media?parent=2660"}],"wp:term":[{"taxonomy":"new_types","embeddable":true,"href":"https:\/\/www.thefutureisneutral.com\/fr\/wp-json\/wp\/v2\/news_types?post=2660"}],"curies":[{"name":"wp","href":"https:\/\/api.w.org\/{rel}","templated":true}]}}