{"id":2979,"date":"2024-07-10T08:16:51","date_gmt":"2024-07-10T08:16:51","guid":{"rendered":"https:\/\/www.thefutureisneutral.com\/?post_type=news&#038;p=2979"},"modified":"2024-07-10T08:16:53","modified_gmt":"2024-07-10T08:16:53","slug":"derniere-ligne-droite-pour-candidater-au-programme-du-hub-dopen-innovation-de-the-future-is-neutral","status":"publish","type":"news","link":"https:\/\/www.thefutureisneutral.com\/fr\/news\/derniere-ligne-droite-pour-candidater-au-programme-du-hub-dopen-innovation-de-the-future-is-neutral\/","title":{"rendered":"Derni\u00e8re ligne droite pour candidater au programme du Hub d&#8217;Open Innovation de The Future Is NEUTRAL"},"content":{"rendered":"\n<div class=\"herobanner-txt-img\" data-scroll data-scroll-section>\n    <div class=\"cp-inner max-w d-flex flex-wrap\">\n        <div class=\"left col-12 col-sm-6 col-sm-6\">\n            <div class=\"text\">\n                                    <h1 class=\"title\">\n                        <span class=\"anybody-c w-600 txt-46 uppercase c-white\">\n                           Derni\u00e8re ligne droite pour candidater au programme                         <\/span>\n                                                    <br>\n                            <span class=\"anybody-c w-600 txt-46 uppercase stroke-c-white\">\n                                du Hub d&#8217;open Innovation de The Future Is NEUTRAL                            <\/span>\n                                            <\/h1>\n                \n                \n                            <\/div>\n\n        <\/div>\n        <div class=\"right col-12 col-sm-6\">\n                            <div class=\"img\">\n                    <img decoding=\"async\"\n                        src=\"https:\/\/www.thefutureisneutral.com\/app\/uploads\/2024\/07\/PHOTODEPROMO-S2.jpeg\"\n                        alt=\"\"\n                    \/>\n                <\/div>\n            \n            \n        <\/div>\n    <\/div>\n            <canvas class=\"bg-gradient-animated height-100\" data-color=\"purple\" data-position=\"left_center\"><\/canvas>\n    <\/div>\n\n\n\n\n<div id=\"cp-wysiwyg-block_f33d02435a39b59896197388e010de36\" class=\"cp-wysiwyg\" data-scroll-section>\n    <div class=\"max-w cp-inner d-flex\">\n        <div class=\"col-12 col-lg-10 offset-lg-1\">\n\n                            <p><strong>Le Hub d\u2019open innovation dont la mission est d&#8217;accompagner les start-ups de la Climatech, finalise sa troisi\u00e8me campagne de recrutement pour son programme d\u2019incubation.<\/p>\n<p><\/strong>L\u2019appel \u00e0 candidature, allant du\u00a018 mars au 12 juillet 2024,\u00a0s\u2019adresse aux entrepreneurs soucieux de :<\/p>\n<ul>\n<li>Proposer des solutions d\u2019\u00e9conomie circulaire dans la mobilit\u00e9 ou l\u2019\u00e9nergie<\/li>\n<li>Encourager le r\u00e9emploi, la recyclabilit\u00e9, la r\u00e9parabilit\u00e9<\/li>\n<li>Favoriser la transition \u00e9nerg\u00e9tique<\/li>\n<li>Se diriger vers une mobilit\u00e9 durable<\/li>\n<\/ul>\n<p>Pour candidater -&gt; <a href=\"https:\/\/hub.refactorybyrenaultgroup.com\/program\/the-future-is-neutral\" target=\"_blank\" rel=\"noopener\" aria-label=\"link to https:\/\/hub.refactorybyrenaultgroup.com\/program\/the-future-is-neutral in a new tab\">https:\/\/hub.refactorybyrenaultgroup.com\/program\/the-future-is-neutral<\/a><\/p>\n<p>Apr\u00e8s une premi\u00e8re \u00e9tape d&#8217;\u00e9tude approfondie de chaque projet, les start ups shortlist\u00e9es pitchent devant un jury compos\u00e9 d\u2019experts de The Future Is NEUTRAL et de la Refactory de Flins. Les finalistes b\u00e9n\u00e9ficient d\u2019un programme d\u2019incubation de 6 mois (\u00e0 partir du 19 septembre 2024).<\/p>\n<p>Le programme permet d\u2019acc\u00e9der :<\/p>\n<p>\u2705\u00a0A l&#8217;expertise de The Future Is NEUTRAL, de Renault Group et des partenaires de l\u2019\u00e9cosyst\u00e8me<\/p>\n<p>\u2705\u00a0A un accompagnement complet et adapt\u00e9\u00a0\u00e0\u00a0chaque projet en fonction de son niveau de maturit\u00e9<\/p>\n<p>\u2705\u00a0A des sessions d\u00e9di\u00e9es aux sujets cl\u00e9s de l&#8217;\u00e9conomie circulaire tels que : business circulaire, ACV, \u00e9co-conception, choix de mat\u00e9riaux, recyclabilit\u00e9, mesure d&#8217;impact<\/p>\n<p>\u2705\u00a0Au parcours de formation sur l\u2019entrepreneuriat certifi\u00e9\u00a0Qualiopi<\/p>\n<p>\u2705 Au passage \u00e0 l\u2019\u00e9chelle<\/p>\n<p>A la fin du programme d&#8217;incubation, les startups incub\u00e9es auront la possibilit\u00e9 de se faire connaitre aupr\u00e8s d\u2019investisseurs, de partenaires et des journalistes, lors d&#8217;une Demoday. Une opportunit\u00e9 unique dont a\u00a0d\u00e9j\u00e0 b\u00e9n\u00e9fici\u00e9s plus d\u2019une trentaine de startups pr\u00e9c\u00e9demment accompagn\u00e9es par le Hub d&#8217;Innovation de The Future Is NEUTRAL.<\/p>\n                    <\/div>\n\n    <\/div>\n<\/div>\n\n\n\n\n<div id=\"cp-cards-block_54075d98bdf88bb56d8fc5b84735daf4\" class=\"cp-cards \">\n        <div class=\"cp-inner max-w\">\n        <div class=\"col-12\">\n            <h2 class=\"txt-72 anybody-c w-600 c-white mb-2\">\n                CES CONTENUS                                <br>\n                <span class=\"stroke-c-white w-600\">PEUVENT VOUS INT\u00c9RESSER<\/span>\n                            <\/h2>\n        <\/div>\n    <\/div>\n        <div class=\"cp-inner max-w d-flex flex-wrap list\">\n        <div class=\"swiper swiper-cp-cards\">\n            <div class=\"swiper-wrapper\">\n                                    <div class=\"swiper-slide\">\n        <div class=\"c-white card-news\">\n            <div class=\"card-inner\">\n                <div class=\"img\">\n\n                                            <div class=\"img\">\n                            <picture class=\"width-100\">\n                                <source media=\"(max-width: 767px)\"\n                                        srcset=\"https:\/\/www.thefutureisneutral.com\/app\/uploads\/2024\/04\/maxresdefault.jpg\"\/>\n                                <source media=\"(min-width: 768px)\"\n                                        srcset=\"https:\/\/www.thefutureisneutral.com\/app\/uploads\/2024\/04\/maxresdefault.jpg\"\/>\n                                <img decoding=\"async\"\n                                        src=\"https:\/\/www.thefutureisneutral.com\/app\/uploads\/2024\/04\/maxresdefault.jpg\"\n                                        alt=\"Best of The Future Is NEUTRAL \u00e0 ChangeNOW 2024\"\/>\n                            <\/picture>\n                                                    <\/div>\n                                                                <div class=\"tag anybody-c uppercase\">Vid\u00e9os<\/div>\n                    \n                <\/div>\n                <div class=\"text\">\n\n                    \n                    <h3 class=\"txt-22\">Best of &#8211; The Future Is NEUTRAL \u00e0 ChangeNOW 2024<\/h3>\n                    <!-- -->\n                                        <a href=\"https:\/\/www.thefutureisneutral.com\/fr\/news\/best-of-the-future-is-neutral-a-changenow-2024\/\" class=\"stretched-link\"><\/a>\n                <\/div>\n\n            <\/div>\n        <\/div>\n\n    <\/div><div class=\"swiper-slide\">\n        <div class=\"c-white card-news\">\n            <div class=\"card-inner\">\n                <div class=\"img\">\n\n                                            <div class=\"img\">\n                            <picture class=\"width-100\">\n                                <source media=\"(max-width: 767px)\"\n                                        srcset=\"https:\/\/www.thefutureisneutral.com\/app\/uploads\/2024\/03\/resized.jpg\"\/>\n                                <source media=\"(min-width: 768px)\"\n                                        srcset=\"https:\/\/www.thefutureisneutral.com\/app\/uploads\/2024\/03\/resized.jpg\"\/>\n                                <img decoding=\"async\"\n                                        src=\"https:\/\/www.thefutureisneutral.com\/app\/uploads\/2024\/03\/resized.jpg\"\n                                        alt=\"L\u2019INNOVATION, AU C\u0152UR DE L\u2019\u00c9CONOMIE CIRCULAIRE AUTOMOBILE\"\/>\n                            <\/picture>\n                                                    <\/div>\n                                                                <div class=\"tag anybody-c uppercase\">Articles<\/div>\n                    \n                <\/div>\n                <div class=\"text\">\n\n                    \n                    <h3 class=\"txt-22\">L\u2019innovation, au c\u0153ur de l\u2019\u00e9conomie circulaire automobile<\/h3>\n                    <!-- -->\n                                        <a href=\"https:\/\/www.thefutureisneutral.com\/fr\/news\/linnovation-au-coeur-de-leconomie-circulaire-automobile\/\" class=\"stretched-link\"><\/a>\n                <\/div>\n\n            <\/div>\n        <\/div>\n\n    <\/div><div class=\"swiper-slide\">\n        <div class=\"c-white card-news\">\n            <div class=\"card-inner\">\n                <div class=\"img\">\n\n                                            <div class=\"img\">\n                            <picture class=\"width-100\">\n                                <source media=\"(max-width: 767px)\"\n                                        srcset=\"https:\/\/www.thefutureisneutral.com\/app\/uploads\/2024\/03\/798x584_resized.jpg\"\/>\n                                <source media=\"(min-width: 768px)\"\n                                        srcset=\"https:\/\/www.thefutureisneutral.com\/app\/uploads\/2024\/03\/798x584_resized.jpg\"\/>\n                                <img decoding=\"async\"\n                                        src=\"https:\/\/www.thefutureisneutral.com\/app\/uploads\/2024\/03\/798x584_resized.jpg\"\n                                        alt=\"table ronde \u00e0 la convention annuelle d\u2019Indra\"\/>\n                            <\/picture>\n                                                    <\/div>\n                                                                <div class=\"tag anybody-c uppercase\">Articles<\/div>\n                    \n                <\/div>\n                <div class=\"text\">\n\n                    \n                    <h3 class=\"txt-22\">Participation record \u00e0 la convention annuelle d&#8217;Indra<\/h3>\n                    <!-- -->\n                                        <a href=\"https:\/\/www.thefutureisneutral.com\/fr\/news\/participation-record-a-la-convention-annuelle-dindra\/\" class=\"stretched-link\"><\/a>\n                <\/div>\n\n            <\/div>\n        <\/div>\n\n    <\/div>                            <\/div>\n            <div class=\"scrollbar-c\">\n                <div class=\"swiper-scrollbar swiper-scrollbar-cp-cards swiper-scrollbar-custom\"><\/div>\n            <\/div>\n        <\/div>\n\n    <\/div>\n            <canvas class=\"bg-gradient-animated height-100\" data-color=\"purple\" data-position=\"left_center\"><\/canvas>\n    <\/div>","protected":false},"author":2,"featured_media":2980,"menu_order":0,"template":"","news_types":[44],"class_list":["post-2979","news","type-news","status-publish","has-post-thumbnail","hentry","new_types-articles_fr"],"acf":[],"yoast_head":"<!-- This site is optimized with the Yoast SEO plugin v21.8 - https:\/\/yoast.com\/wordpress\/plugins\/seo\/ -->\n<title>Hub d\u2019open innovation troisi\u00e8me campagne de recrutement - The Future Is Neutral<\/title>\n<meta name=\"description\" content=\"Le Hub d\u2019open innovation dont la mission est d&#039;accompagner les start-ups de la Climatech finalise sa troisi\u00e8me campagne de recrutement pour son programme d\u2019incubation.\" \/>\n<meta name=\"robots\" content=\"index, follow, max-snippet:-1, max-image-preview:large, max-video-preview:-1\" \/>\n<link rel=\"canonical\" href=\"https:\/\/www.thefutureisneutral.com\/fr\/news\/derniere-ligne-droite-pour-candidater-au-programme-du-hub-dopen-innovation-de-the-future-is-neutral\/\" \/>\n<meta property=\"og:locale\" content=\"fr_FR\" \/>\n<meta property=\"og:type\" content=\"article\" \/>\n<meta property=\"og:title\" content=\"Hub d\u2019open innovation troisi\u00e8me campagne de recrutement - The Future Is Neutral\" \/>\n<meta property=\"og:description\" content=\"Le Hub d\u2019open innovation dont la mission est d&#039;accompagner les start-ups de la Climatech finalise sa troisi\u00e8me campagne de recrutement pour son programme d\u2019incubation.\" \/>\n<meta property=\"og:url\" content=\"https:\/\/www.thefutureisneutral.com\/fr\/news\/derniere-ligne-droite-pour-candidater-au-programme-du-hub-dopen-innovation-de-the-future-is-neutral\/\" \/>\n<meta property=\"og:site_name\" content=\"The Future Is Neutral\" \/>\n<meta property=\"article:modified_time\" content=\"2024-07-10T08:16:53+00:00\" \/>\n<meta property=\"og:image\" content=\"https:\/\/www.thefutureisneutral.com\/app\/uploads\/2024\/07\/PHOTODEPROMO-S2.jpeg\" \/>\n\t<meta property=\"og:image:width\" content=\"1200\" \/>\n\t<meta property=\"og:image:height\" content=\"1200\" \/>\n\t<meta property=\"og:image:type\" content=\"image\/jpeg\" \/>\n<meta name=\"twitter:card\" content=\"summary_large_image\" \/>\n<meta name=\"twitter:label1\" content=\"Est. reading time\" \/>\n\t<meta name=\"twitter:data1\" content=\"1 minute\" \/>\n<script type=\"application\/ld+json\" class=\"yoast-schema-graph\">{\"@context\":\"https:\/\/schema.org\",\"@graph\":[{\"@type\":\"WebPage\",\"@id\":\"https:\/\/www.thefutureisneutral.com\/fr\/news\/derniere-ligne-droite-pour-candidater-au-programme-du-hub-dopen-innovation-de-the-future-is-neutral\/\",\"url\":\"https:\/\/www.thefutureisneutral.com\/fr\/news\/derniere-ligne-droite-pour-candidater-au-programme-du-hub-dopen-innovation-de-the-future-is-neutral\/\",\"name\":\"Hub d\u2019open innovation troisi\u00e8me campagne de recrutement - The Future Is Neutral\",\"isPartOf\":{\"@id\":\"https:\/\/www.thefutureisneutral.com\/fr\/#website\"},\"datePublished\":\"2024-07-10T08:16:51+00:00\",\"dateModified\":\"2024-07-10T08:16:53+00:00\",\"description\":\"Le Hub d\u2019open innovation dont la mission est d'accompagner les start-ups de la Climatech finalise sa troisi\u00e8me campagne de recrutement pour son programme d\u2019incubation.\",\"breadcrumb\":{\"@id\":\"https:\/\/www.thefutureisneutral.com\/fr\/news\/derniere-ligne-droite-pour-candidater-au-programme-du-hub-dopen-innovation-de-the-future-is-neutral\/#breadcrumb\"},\"inLanguage\":\"fr-FR\",\"potentialAction\":[{\"@type\":\"ReadAction\",\"target\":[\"https:\/\/www.thefutureisneutral.com\/fr\/news\/derniere-ligne-droite-pour-candidater-au-programme-du-hub-dopen-innovation-de-the-future-is-neutral\/\"]}]},{\"@type\":\"BreadcrumbList\",\"@id\":\"https:\/\/www.thefutureisneutral.com\/fr\/news\/derniere-ligne-droite-pour-candidater-au-programme-du-hub-dopen-innovation-de-the-future-is-neutral\/#breadcrumb\",\"itemListElement\":[{\"@type\":\"ListItem\",\"position\":1,\"name\":\"Home\",\"item\":\"https:\/\/www.thefutureisneutral.com\/fr\/\"},{\"@type\":\"ListItem\",\"position\":2,\"name\":\"Derni\u00e8re ligne droite pour candidater au programme du Hub d&#8217;Open Innovation de The Future Is NEUTRAL\"}]},{\"@type\":\"WebSite\",\"@id\":\"https:\/\/www.thefutureisneutral.com\/fr\/#website\",\"url\":\"https:\/\/www.thefutureisneutral.com\/fr\/\",\"name\":\"The Future Is Neutral\",\"description\":\"\",\"publisher\":{\"@id\":\"https:\/\/www.thefutureisneutral.com\/fr\/#organization\"},\"potentialAction\":[{\"@type\":\"SearchAction\",\"target\":{\"@type\":\"EntryPoint\",\"urlTemplate\":\"https:\/\/www.thefutureisneutral.com\/fr\/?s={search_term_string}\"},\"query-input\":\"required name=search_term_string\"}],\"inLanguage\":\"fr-FR\"},{\"@type\":\"Organization\",\"@id\":\"https:\/\/www.thefutureisneutral.com\/fr\/#organization\",\"name\":\"The Future Is Neutral\",\"url\":\"https:\/\/www.thefutureisneutral.com\/fr\/\",\"logo\":{\"@type\":\"ImageObject\",\"inLanguage\":\"fr-FR\",\"@id\":\"https:\/\/www.thefutureisneutral.com\/fr\/#\/schema\/logo\/image\/\",\"url\":\"https:\/\/www.thefutureisneutral.com\/app\/uploads\/2024\/02\/0fcf8d27fb4aa2a16ac64c8989c3b9a2-l.jpg.webp\",\"contentUrl\":\"https:\/\/www.thefutureisneutral.com\/app\/uploads\/2024\/02\/0fcf8d27fb4aa2a16ac64c8989c3b9a2-l.jpg.webp\",\"width\":2000,\"height\":1125,\"caption\":\"The Future Is Neutral\"},\"image\":{\"@id\":\"https:\/\/www.thefutureisneutral.com\/fr\/#\/schema\/logo\/image\/\"},\"sameAs\":[\"https:\/\/www.linkedin.com\/company\/the-future-is-neutral\/\",\"https:\/\/www.youtube.com\/channel\/UCM7Q2CTHTbycgNXfxJjky0g\"]}]}<\/script>\n<!-- \/ Yoast SEO plugin. -->","yoast_head_json":{"title":"Hub d\u2019open innovation troisi\u00e8me campagne de recrutement - The Future Is Neutral","description":"Le Hub d\u2019open innovation dont la mission est d'accompagner les start-ups de la Climatech finalise sa troisi\u00e8me campagne de recrutement pour son programme d\u2019incubation.","robots":{"index":"index","follow":"follow","max-snippet":"max-snippet:-1","max-image-preview":"max-image-preview:large","max-video-preview":"max-video-preview:-1"},"canonical":"https:\/\/www.thefutureisneutral.com\/fr\/news\/derniere-ligne-droite-pour-candidater-au-programme-du-hub-dopen-innovation-de-the-future-is-neutral\/","og_locale":"fr_FR","og_type":"article","og_title":"Hub d\u2019open innovation troisi\u00e8me campagne de recrutement - The Future Is Neutral","og_description":"Le Hub d\u2019open innovation dont la mission est d'accompagner les start-ups de la Climatech finalise sa troisi\u00e8me campagne de recrutement pour son programme d\u2019incubation.","og_url":"https:\/\/www.thefutureisneutral.com\/fr\/news\/derniere-ligne-droite-pour-candidater-au-programme-du-hub-dopen-innovation-de-the-future-is-neutral\/","og_site_name":"The Future Is Neutral","article_modified_time":"2024-07-10T08:16:53+00:00","og_image":[{"width":1200,"height":1200,"url":"https:\/\/www.thefutureisneutral.com\/app\/uploads\/2024\/07\/PHOTODEPROMO-S2.jpeg","type":"image\/jpeg"}],"twitter_card":"summary_large_image","twitter_misc":{"Est. reading time":"1 minute"},"schema":{"@context":"https:\/\/schema.org","@graph":[{"@type":"WebPage","@id":"https:\/\/www.thefutureisneutral.com\/fr\/news\/derniere-ligne-droite-pour-candidater-au-programme-du-hub-dopen-innovation-de-the-future-is-neutral\/","url":"https:\/\/www.thefutureisneutral.com\/fr\/news\/derniere-ligne-droite-pour-candidater-au-programme-du-hub-dopen-innovation-de-the-future-is-neutral\/","name":"Hub d\u2019open innovation troisi\u00e8me campagne de recrutement - The Future Is Neutral","isPartOf":{"@id":"https:\/\/www.thefutureisneutral.com\/fr\/#website"},"datePublished":"2024-07-10T08:16:51+00:00","dateModified":"2024-07-10T08:16:53+00:00","description":"Le Hub d\u2019open innovation dont la mission est d'accompagner les start-ups de la Climatech finalise sa troisi\u00e8me campagne de recrutement pour son programme d\u2019incubation.","breadcrumb":{"@id":"https:\/\/www.thefutureisneutral.com\/fr\/news\/derniere-ligne-droite-pour-candidater-au-programme-du-hub-dopen-innovation-de-the-future-is-neutral\/#breadcrumb"},"inLanguage":"fr-FR","potentialAction":[{"@type":"ReadAction","target":["https:\/\/www.thefutureisneutral.com\/fr\/news\/derniere-ligne-droite-pour-candidater-au-programme-du-hub-dopen-innovation-de-the-future-is-neutral\/"]}]},{"@type":"BreadcrumbList","@id":"https:\/\/www.thefutureisneutral.com\/fr\/news\/derniere-ligne-droite-pour-candidater-au-programme-du-hub-dopen-innovation-de-the-future-is-neutral\/#breadcrumb","itemListElement":[{"@type":"ListItem","position":1,"name":"Home","item":"https:\/\/www.thefutureisneutral.com\/fr\/"},{"@type":"ListItem","position":2,"name":"Derni\u00e8re ligne droite pour candidater au programme du Hub d&#8217;Open Innovation de The Future Is NEUTRAL"}]},{"@type":"WebSite","@id":"https:\/\/www.thefutureisneutral.com\/fr\/#website","url":"https:\/\/www.thefutureisneutral.com\/fr\/","name":"The Future Is Neutral","description":"","publisher":{"@id":"https:\/\/www.thefutureisneutral.com\/fr\/#organization"},"potentialAction":[{"@type":"SearchAction","target":{"@type":"EntryPoint","urlTemplate":"https:\/\/www.thefutureisneutral.com\/fr\/?s={search_term_string}"},"query-input":"required name=search_term_string"}],"inLanguage":"fr-FR"},{"@type":"Organization","@id":"https:\/\/www.thefutureisneutral.com\/fr\/#organization","name":"The Future Is Neutral","url":"https:\/\/www.thefutureisneutral.com\/fr\/","logo":{"@type":"ImageObject","inLanguage":"fr-FR","@id":"https:\/\/www.thefutureisneutral.com\/fr\/#\/schema\/logo\/image\/","url":"https:\/\/www.thefutureisneutral.com\/app\/uploads\/2024\/02\/0fcf8d27fb4aa2a16ac64c8989c3b9a2-l.jpg.webp","contentUrl":"https:\/\/www.thefutureisneutral.com\/app\/uploads\/2024\/02\/0fcf8d27fb4aa2a16ac64c8989c3b9a2-l.jpg.webp","width":2000,"height":1125,"caption":"The Future Is Neutral"},"image":{"@id":"https:\/\/www.thefutureisneutral.com\/fr\/#\/schema\/logo\/image\/"},"sameAs":["https:\/\/www.linkedin.com\/company\/the-future-is-neutral\/","https:\/\/www.youtube.com\/channel\/UCM7Q2CTHTbycgNXfxJjky0g"]}]}},"_links":{"self":[{"href":"https:\/\/www.thefutureisneutral.com\/fr\/wp-json\/wp\/v2\/news\/2979","targetHints":{"allow":["GET"]}}],"collection":[{"href":"https:\/\/www.thefutureisneutral.com\/fr\/wp-json\/wp\/v2\/news"}],"about":[{"href":"https:\/\/www.thefutureisneutral.com\/fr\/wp-json\/wp\/v2\/types\/news"}],"author":[{"embeddable":true,"href":"https:\/\/www.thefutureisneutral.com\/fr\/wp-json\/wp\/v2\/users\/2"}],"wp:featuredmedia":[{"embeddable":true,"href":"https:\/\/www.thefutureisneutral.com\/fr\/wp-json\/wp\/v2\/media\/2980"}],"wp:attachment":[{"href":"https:\/\/www.thefutureisneutral.com\/fr\/wp-json\/wp\/v2\/media?parent=2979"}],"wp:term":[{"taxonomy":"new_types","embeddable":true,"href":"https:\/\/www.thefutureisneutral.com\/fr\/wp-json\/wp\/v2\/news_types?post=2979"}],"curies":[{"name":"wp","href":"https:\/\/api.w.org\/{rel}","templated":true}]}}