{"id":3056,"date":"2024-10-21T12:30:47","date_gmt":"2024-10-21T12:30:47","guid":{"rendered":"https:\/\/www.thefutureisneutral.com\/?post_type=news&#038;p=3056"},"modified":"2025-03-06T07:48:50","modified_gmt":"2025-03-06T07:48:50","slug":"the-future-is-neutral-met-en-place-son-conseil-dadministration","status":"publish","type":"news","link":"https:\/\/www.thefutureisneutral.com\/fr\/news\/the-future-is-neutral-met-en-place-son-conseil-dadministration\/","title":{"rendered":"The Future Is NEUTRAL met en place son Conseil d\u2019Administration"},"content":{"rendered":"\n<div class=\"herobanner-txt-img\" data-scroll data-scroll-section>\n    <div class=\"cp-inner max-w d-flex flex-wrap\">\n        <div class=\"left col-12 col-sm-6 col-sm-6\">\n            <div class=\"text\">\n                                    <h1 class=\"title\">\n                        <span class=\"anybody-c w-600 txt-46 uppercase c-white\">\n                           The Future Is NEUTRAL                        <\/span>\n                                                    <br>\n                            <span class=\"anybody-c w-600 txt-46 uppercase stroke-c-white\">\n                                met en place son Conseil d\u2019Administration                            <\/span>\n                                            <\/h1>\n                \n                \n                            <\/div>\n\n        <\/div>\n        <div class=\"right col-12 col-sm-6\">\n                            <div class=\"img\">\n                    <img decoding=\"async\"\n                        src=\"https:\/\/www.thefutureisneutral.com\/app\/uploads\/2024\/10\/RENAULT_NEUTRAL_LOGOTYPE_BLANC_COLORWAY-6_RVB.webp\"\n                        alt=\"\"\n                    \/>\n                <\/div>\n            \n            \n        <\/div>\n    <\/div>\n    <\/div>\n\n\n\n\n<div id=\"cp-wysiwyg-block_4af508458ba95982f55bc7d185f1932b\" class=\"cp-wysiwyg\" data-scroll-section>\n    <div class=\"max-w cp-inner d-flex\">\n        <div class=\"col-12 col-lg-10 offset-lg-1\">\n\n                            <p><strong>Boulogne-Billancourt, le 21\/10\/2024<\/strong> \u2013 A la suite de la finalisation de l\u2019op\u00e9ration d\u2019entr\u00e9e de SUEZ dans son capital, The Future Is NEUTRAL met en place un Conseil d\u2019Administration. Il est compos\u00e9 de trois membres, repr\u00e9sentant ses actionnaires, \u00e0 raison de deux membres d\u00e9sign\u00e9s par Renault Group, actionnaire \u00e0 80 %, et d\u2019un membre d\u00e9sign\u00e9 par SUEZ, actionnaire \u00e0 20 %.<\/p>\n<p>La pr\u00e9sidence du Conseil d\u2019Administration revient \u00e0 M. Jean-Philippe Bahuaud, qui devient PDG de The Future Is NEUTRAL. Le Comit\u00e9 d\u2019Administration se compl\u00e8te avec Mme V\u00e9ronique Sarlat-Depotte, membre de la Leadership Team Renault Group, et M. Lyonel Rouve, DG de la BU Flux Sp\u00e9cialis\u00e9s de SUEZ.<\/p>\n<p>Leurs exp\u00e9riences et connaissances approfondies dans les domaines de l\u2019automobile et de la gestion des d\u00e9chets seront des atouts indispensables pour accompagner The Future Is NEUTRAL dans sa croissance au service de l\u2019industrie automobile.<\/p>\n<p>Le Conseil d&#8217;Administration accompagnera la strat\u00e9gie de d\u00e9veloppement de l\u2019entreprise, \u00e9tudiera les opportunit\u00e9s d\u2019expansion de l\u2019activit\u00e9 et suivra le d\u00e9veloppement de chacune des filiales de The Future Is NEUTRAL et de l\u2019ensemble consolid\u00e9, dans le respect de la confidentialit\u00e9 n\u00e9cessaire entre les clients de The Future Is NEUTRAL et ses actionnaires. Enfin, il s\u2019assurera de l\u2019application des r\u00e8gles de gouvernance conjointement d\u00e9finies.<\/p>\n<p><u>\u00a0<\/u><\/p>\n<p><strong><u>Jean-Philippe Bahuaud :<\/u><\/strong><\/p>\n<p>Jean-Philippe Bahuaud d\u00e9bute sa carri\u00e8re dans l&#8217;industrie manufacturi\u00e8re, au sein du Groupe PSA, puis occupe diff\u00e9rents postes \u00e0 l&#8217;international, avant de devenir directeur de la strat\u00e9gie pour les activit\u00e9s automobiles et semi-conducteurs de Samsung en Cor\u00e9e. Il rejoint Renault Group fin 2018 et anime en 2020 une \u00e9quipe de 30 top managers pour concevoir &#8220;Renaulution&#8221;, le nouveau plan strat\u00e9gique de l&#8217;entreprise ax\u00e9 sur la cr\u00e9ation de valeur et une performance plus durable. En 2021, il est nomm\u00e9 vice-pr\u00e9sident de la planification strat\u00e9gique de Renault Group, vice-pr\u00e9sident de la ReFactory \u00e0 Flins et directeur de la strat\u00e9gie du plan environnemental. En 2022, il devient Directeur G\u00e9n\u00e9ral de The Future is NEUTRAL.<\/p>\n<p>Jean-Philippe Bahuaud est dipl\u00f4m\u00e9 de la London Business School (MBA). Il est \u00e9galement ing\u00e9nieur g\u00e9n\u00e9raliste dipl\u00f4m\u00e9 de l&#8217;ICAM (Institut Catholique des Arts et M\u00e9tiers).<\/p>\n<p><u><strong>V\u00e9ronique Sarlat-Depotte :<\/strong><\/u><\/p>\n<p>V\u00e9ronique Sarlet-Depotte rejoint Renault en 1989, au sein de la direction des achats, puis elle occupe divers postes chez Renault et Nissan, en France et au Japon. En 2016, elle devient PDG de l\u2019organisation commune d\u2019achats entre Renault et Nissan qui devient Alliance Purchasing Organization en 2018 avec l\u2019int\u00e9gration de Mitsubishi-Motors. En 2021, elle est nomm\u00e9e secr\u00e9taire g\u00e9n\u00e9rale de l\u2019Alliance Renault-Nissan-Mitsubishi et devient membre du Board of Management de Renault Group. En 2023, elle est nomm\u00e9e Chief Alliance Officer et devient membre de la Leadership Team.<\/p>\n<p>V\u00e9ronique Sarlat-Depotte est titulaire d\u2019un dipl\u00f4me d\u2019ing\u00e9nieur de l\u2019EPF (\u00c9cole Polytechnique F\u00e9minine).<\/p>\n<p><strong><u>Lyonel Rouve :<\/u><\/strong><\/p>\n<p>Lyonel Rouve rejoint le groupe SUEZ en 2001. Apr\u00e8s avoir occup\u00e9 diff\u00e9rentes positions en finance, il \u00e9volue vers des r\u00f4les op\u00e9rationnels en devenant successivement directeur g\u00e9n\u00e9ral de SUEZ Trading &amp; Industrial Services en France, directeur des grands projets \u00e0 l\u2019international et CEO Europe &amp; Group SVP Strategy. En 2023 il est nomm\u00e9 CEO de la Business Unit Flux Sp\u00e9cialis\u00e9s, qui op\u00e8re dans le d\u00e9mant\u00e8lement et le recyclage, notamment des plastiques et des m\u00e9taux.<\/p>\n<p>Lyonel Rouve, 50 ans, est dipl\u00f4m\u00e9 de la SKEMA Business School.<\/p>\n                    <\/div>\n\n    <\/div>\n<\/div>\n\n\n\n\n<div id=\"cp-download.-block_c65e1318c79ced4f09fb96e7d3545833\" class=\"cp-download\" data-scroll-section>\n    <div class=\"max-w cp-inner d-flex flex-wrap\">\n\n                    <div class=\"col-12 top\">\n                <h2 class=\"txt-32 c-white anybody-c w-600 uppercase subtitle\">\n                    DOCUMENTS                    <br>\n                    <span class=\"stroke-c-white w-600 stroke-light\">\n                                            <\/span>\n                <\/h2>\n            <\/div>\n        \n                    <div class=\"col-12 list d-flex flex-wrap\">\n                                    <div class=\"item-download\">\n                        <div class=\"inner d-flex flex-wrap\">\n\n                                                            <div class=\"img\">\n                                    <picture class=\"width-100\">\n                                        <source media=\"(max-width: 767px)\"\n                                                srcset=\"https:\/\/www.thefutureisneutral.com\/app\/uploads\/2024\/10\/CP-FR-CA-TFIN.png\"\/>\n                                        <source media=\"(min-width: 768px)\"\n                                                srcset=\"https:\/\/www.thefutureisneutral.com\/app\/uploads\/2024\/10\/CP-FR-CA-TFIN.png\"\/>\n                                        <img decoding=\"async\"\n                                                src=\"https:\/\/www.thefutureisneutral.com\/app\/uploads\/2024\/10\/CP-FR-CA-TFIN.png\"\n                                                alt=\"\"\/>\n                                    <\/picture>\n                                <\/div>\n                            \n                            <div class=\"content\">\n                                <h3 class=\"txt-22 w-700\">Communiqu\u00e9 de presse<\/h3>\n\n                                <a href=\"https:\/\/www.thefutureisneutral.com\/app\/uploads\/2024\/10\/CP-Conseil-dadministration-NEUTRAL-20241021-FR-DEF-1.pdf\" class=\"d-flex doc-link\"  download=\"https:\/\/www.thefutureisneutral.com\/app\/uploads\/2024\/10\/CP-Conseil-dadministration-NEUTRAL-20241021-FR-DEF-1.pdf\" data-no-swup>\n\n                                    <svg width=\"16\" height=\"21\" viewBox=\"0 0 16 21\" fill=\"none\" xmlns=\"http:\/\/www.w3.org\/2000\/svg\">\n                                        <path fill-rule=\"evenodd\" clip-rule=\"evenodd\" d=\"M8.554 0.0871582L8.56816 13.6123L13.8104 8.59782L15.0818 9.92696L8.19827 16.5114L6.898 16.4826L0 9.27127L1.32914 7.99988L6.72889 13.6449L6.7147 0.089084L8.554 0.0871582ZM15 19.0729L0 19.0729L0 20.9129L15 20.9129V19.0729Z\" fill=\"white\"\/>\n                                    <\/svg>\n\n                                                                            <span> \n                                            T\u00e9l\u00e9charger                                            <span class=\"hidden-mobile\"> (PDF, 163ko)<\/span>\n                                        <\/span>\n                                                                    <\/a>\n                            <\/div>\n                        <\/div>\n                    <\/div>\n                                    <div class=\"item-download\">\n                        <div class=\"inner d-flex flex-wrap\">\n\n                                                            <div class=\"img\">\n                                    <picture class=\"width-100\">\n                                        <source media=\"(max-width: 767px)\"\n                                                srcset=\"https:\/\/www.thefutureisneutral.com\/app\/uploads\/2024\/10\/R-DAM_1379824.jpg\"\/>\n                                        <source media=\"(min-width: 768px)\"\n                                                srcset=\"https:\/\/www.thefutureisneutral.com\/app\/uploads\/2024\/10\/R-DAM_1379824.jpg\"\/>\n                                        <img decoding=\"async\"\n                                                src=\"https:\/\/www.thefutureisneutral.com\/app\/uploads\/2024\/10\/R-DAM_1379824.jpg\"\n                                                alt=\"\"\/>\n                                    <\/picture>\n                                <\/div>\n                            \n                            <div class=\"content\">\n                                <h3 class=\"txt-22 w-700\">Jean-Philippe Bahuaud<\/h3>\n\n                                <a href=\"https:\/\/www.thefutureisneutral.com\/app\/uploads\/2024\/10\/R-DAM_1379824.jpg\" class=\"d-flex doc-link\"  download=\"https:\/\/www.thefutureisneutral.com\/app\/uploads\/2024\/10\/R-DAM_1379824.jpg\" data-no-swup>\n\n                                    <svg width=\"16\" height=\"21\" viewBox=\"0 0 16 21\" fill=\"none\" xmlns=\"http:\/\/www.w3.org\/2000\/svg\">\n                                        <path fill-rule=\"evenodd\" clip-rule=\"evenodd\" d=\"M8.554 0.0871582L8.56816 13.6123L13.8104 8.59782L15.0818 9.92696L8.19827 16.5114L6.898 16.4826L0 9.27127L1.32914 7.99988L6.72889 13.6449L6.7147 0.089084L8.554 0.0871582ZM15 19.0729L0 19.0729L0 20.9129L15 20.9129V19.0729Z\" fill=\"white\"\/>\n                                    <\/svg>\n\n                                                                            <span> \n                                            T\u00e9l\u00e9charger                                            <span class=\"hidden-mobile\"> (JPEG, 172ko)<\/span>\n                                        <\/span>\n                                                                    <\/a>\n                            <\/div>\n                        <\/div>\n                    <\/div>\n                                    <div class=\"item-download\">\n                        <div class=\"inner d-flex flex-wrap\">\n\n                                                            <div class=\"img\">\n                                    <picture class=\"width-100\">\n                                        <source media=\"(max-width: 767px)\"\n                                                srcset=\"https:\/\/www.thefutureisneutral.com\/app\/uploads\/2024\/10\/Veronique-Sarlot-Depotte.jpg\"\/>\n                                        <source media=\"(min-width: 768px)\"\n                                                srcset=\"https:\/\/www.thefutureisneutral.com\/app\/uploads\/2024\/10\/Veronique-Sarlot-Depotte.jpg\"\/>\n                                        <img decoding=\"async\"\n                                                src=\"https:\/\/www.thefutureisneutral.com\/app\/uploads\/2024\/10\/Veronique-Sarlot-Depotte.jpg\"\n                                                alt=\"Veronique Sarlot-Depotte\"\/>\n                                    <\/picture>\n                                <\/div>\n                            \n                            <div class=\"content\">\n                                <h3 class=\"txt-22 w-700\">Veronique Sarlat-Depotte<\/h3>\n\n                                <a href=\"https:\/\/www.thefutureisneutral.com\/app\/uploads\/2024\/10\/Veronique-Sarlot-Depotte.jpg\" class=\"d-flex doc-link\"  download=\"https:\/\/www.thefutureisneutral.com\/app\/uploads\/2024\/10\/Veronique-Sarlot-Depotte.jpg\" data-no-swup>\n\n                                    <svg width=\"16\" height=\"21\" viewBox=\"0 0 16 21\" fill=\"none\" xmlns=\"http:\/\/www.w3.org\/2000\/svg\">\n                                        <path fill-rule=\"evenodd\" clip-rule=\"evenodd\" d=\"M8.554 0.0871582L8.56816 13.6123L13.8104 8.59782L15.0818 9.92696L8.19827 16.5114L6.898 16.4826L0 9.27127L1.32914 7.99988L6.72889 13.6449L6.7147 0.089084L8.554 0.0871582ZM15 19.0729L0 19.0729L0 20.9129L15 20.9129V19.0729Z\" fill=\"white\"\/>\n                                    <\/svg>\n\n                                                                            <span> \n                                            T\u00e9l\u00e9charger                                            <span class=\"hidden-mobile\"> (JPEG, 226ko)<\/span>\n                                        <\/span>\n                                                                    <\/a>\n                            <\/div>\n                        <\/div>\n                    <\/div>\n                                    <div class=\"item-download\">\n                        <div class=\"inner d-flex flex-wrap\">\n\n                                                            <div class=\"img\">\n                                    <picture class=\"width-100\">\n                                        <source media=\"(max-width: 767px)\"\n                                                srcset=\"https:\/\/www.thefutureisneutral.com\/app\/uploads\/2024\/10\/Lyonel-Rouve_SUEZ.jpg\"\/>\n                                        <source media=\"(min-width: 768px)\"\n                                                srcset=\"https:\/\/www.thefutureisneutral.com\/app\/uploads\/2024\/10\/Lyonel-Rouve_SUEZ.jpg\"\/>\n                                        <img decoding=\"async\"\n                                                src=\"https:\/\/www.thefutureisneutral.com\/app\/uploads\/2024\/10\/Lyonel-Rouve_SUEZ.jpg\"\n                                                alt=\"\"\/>\n                                    <\/picture>\n                                <\/div>\n                            \n                            <div class=\"content\">\n                                <h3 class=\"txt-22 w-700\">Lyonel Rouve<\/h3>\n\n                                <a href=\"https:\/\/www.thefutureisneutral.com\/app\/uploads\/2024\/10\/Lyonel-Rouve_SUEZ.jpg\" class=\"d-flex doc-link\"  download=\"https:\/\/www.thefutureisneutral.com\/app\/uploads\/2024\/10\/Lyonel-Rouve_SUEZ.jpg\" data-no-swup>\n\n                                    <svg width=\"16\" height=\"21\" viewBox=\"0 0 16 21\" fill=\"none\" xmlns=\"http:\/\/www.w3.org\/2000\/svg\">\n                                        <path fill-rule=\"evenodd\" clip-rule=\"evenodd\" d=\"M8.554 0.0871582L8.56816 13.6123L13.8104 8.59782L15.0818 9.92696L8.19827 16.5114L6.898 16.4826L0 9.27127L1.32914 7.99988L6.72889 13.6449L6.7147 0.089084L8.554 0.0871582ZM15 19.0729L0 19.0729L0 20.9129L15 20.9129V19.0729Z\" fill=\"white\"\/>\n                                    <\/svg>\n\n                                                                            <span> \n                                            T\u00e9l\u00e9charger                                            <span class=\"hidden-mobile\"> (JPEG, 344ko)<\/span>\n                                        <\/span>\n                                                                    <\/a>\n                            <\/div>\n                        <\/div>\n                    <\/div>\n                            <\/div>\n            <\/div>\n<\/div>\n\n\n\n\n<div id=\"cp-cards-block_abe01d39de847da7df5e10e2dfe3a65a\" class=\"cp-cards \">\n        <div class=\"cp-inner max-w\">\n        <div class=\"col-12\">\n            <h2 class=\"txt-72 anybody-c w-600 c-white mb-2\">\n                CES CONTENUS                                <br>\n                <span class=\"stroke-c-white w-600\">PEUVENT VOUS INT\u00c9RESSER<\/span>\n                            <\/h2>\n        <\/div>\n    <\/div>\n        <div class=\"cp-inner max-w d-flex flex-wrap list\">\n        <div class=\"swiper swiper-cp-cards\">\n            <div class=\"swiper-wrapper\">\n                                    <div class=\"swiper-slide\">\n        <div class=\"c-white card-news\">\n            <div class=\"card-inner\">\n                <div class=\"img\">\n\n                                            <div class=\"img\">\n                            <picture class=\"width-100\">\n                                <source media=\"(max-width: 767px)\"\n                                        srcset=\"https:\/\/www.thefutureisneutral.com\/app\/uploads\/2024\/10\/KV_NEUTRAL-1.jpg\"\/>\n                                <source media=\"(min-width: 768px)\"\n                                        srcset=\"https:\/\/www.thefutureisneutral.com\/app\/uploads\/2024\/10\/KV_NEUTRAL-1.jpg\"\/>\n                                <img decoding=\"async\"\n                                        src=\"https:\/\/www.thefutureisneutral.com\/app\/uploads\/2024\/10\/KV_NEUTRAL-1.jpg\"\n                                        alt=\"Renault &#038; SUEZ\"\/>\n                            <\/picture>\n                                                    <\/div>\n                                                                <div class=\"tag anybody-c uppercase\">Articles<\/div>\n                    \n                <\/div>\n                <div class=\"text\">\n\n                    \n                    <h3 class=\"txt-22\">SUEZ rentre au capital de The Future Is NEUTRAL<\/h3>\n                    <!-- -->\n                                        <a href=\"https:\/\/www.thefutureisneutral.com\/fr\/news\/suez-rentre-au-capital-de-the-future-is-neutral\/\" class=\"stretched-link\"><\/a>\n                <\/div>\n\n            <\/div>\n        <\/div>\n\n    <\/div><div class=\"swiper-slide\">\n        <div class=\"c-white card-news\">\n            <div class=\"card-inner\">\n                <div class=\"img\">\n\n                                            <div class=\"img\">\n                            <picture class=\"width-100\">\n                                <source media=\"(max-width: 767px)\"\n                                        srcset=\"https:\/\/www.thefutureisneutral.com\/app\/uploads\/2024\/04\/maxresdefault.jpg\"\/>\n                                <source media=\"(min-width: 768px)\"\n                                        srcset=\"https:\/\/www.thefutureisneutral.com\/app\/uploads\/2024\/04\/maxresdefault.jpg\"\/>\n                                <img decoding=\"async\"\n                                        src=\"https:\/\/www.thefutureisneutral.com\/app\/uploads\/2024\/04\/maxresdefault.jpg\"\n                                        alt=\"Best of The Future Is NEUTRAL \u00e0 ChangeNOW 2024\"\/>\n                            <\/picture>\n                                                    <\/div>\n                                                                <div class=\"tag anybody-c uppercase\">Vid\u00e9os<\/div>\n                    \n                <\/div>\n                <div class=\"text\">\n\n                    \n                    <h3 class=\"txt-22\">Best of &#8211; The Future Is NEUTRAL \u00e0 ChangeNOW 2024<\/h3>\n                    <!-- -->\n                                        <a href=\"https:\/\/www.thefutureisneutral.com\/fr\/news\/best-of-the-future-is-neutral-a-changenow-2024\/\" class=\"stretched-link\"><\/a>\n                <\/div>\n\n            <\/div>\n        <\/div>\n\n    <\/div><div class=\"swiper-slide\">\n        <div class=\"c-white card-news\">\n            <div class=\"card-inner\">\n                <div class=\"img\">\n\n                                            <div class=\"img\">\n                            <picture class=\"width-100\">\n                                <source media=\"(max-width: 767px)\"\n                                        srcset=\"https:\/\/www.thefutureisneutral.com\/app\/uploads\/2024\/03\/resized.jpg\"\/>\n                                <source media=\"(min-width: 768px)\"\n                                        srcset=\"https:\/\/www.thefutureisneutral.com\/app\/uploads\/2024\/03\/resized.jpg\"\/>\n                                <img decoding=\"async\"\n                                        src=\"https:\/\/www.thefutureisneutral.com\/app\/uploads\/2024\/03\/resized.jpg\"\n                                        alt=\"L\u2019INNOVATION, AU C\u0152UR DE L\u2019\u00c9CONOMIE CIRCULAIRE AUTOMOBILE\"\/>\n                            <\/picture>\n                                                    <\/div>\n                                                                <div class=\"tag anybody-c uppercase\">Articles<\/div>\n                    \n                <\/div>\n                <div class=\"text\">\n\n                    \n                    <h3 class=\"txt-22\">L\u2019innovation, au c\u0153ur de l\u2019\u00e9conomie circulaire automobile<\/h3>\n                    <!-- -->\n                                        <a href=\"https:\/\/www.thefutureisneutral.com\/fr\/news\/linnovation-au-coeur-de-leconomie-circulaire-automobile\/\" class=\"stretched-link\"><\/a>\n                <\/div>\n\n            <\/div>\n        <\/div>\n\n    <\/div>                            <\/div>\n            <div class=\"scrollbar-c\">\n                <div class=\"swiper-scrollbar swiper-scrollbar-cp-cards swiper-scrollbar-custom\"><\/div>\n            <\/div>\n        <\/div>\n\n    <\/div>\n            <canvas class=\"bg-gradient-animated height-100\" data-color=\"purple\" data-position=\"left_center\"><\/canvas>\n    <\/div>","protected":false},"author":6,"featured_media":3076,"menu_order":0,"template":"","news_types":[47],"class_list":["post-3056","news","type-news","status-publish","has-post-thumbnail","hentry","new_types-presse"],"acf":[],"yoast_head":"<!-- This site is optimized with the Yoast SEO plugin v21.8 - https:\/\/yoast.com\/wordpress\/plugins\/seo\/ -->\n<title>The Future Is NEUTRAL met en place son Conseil d\u2019Administration - The Future Is Neutral<\/title>\n<meta name=\"description\" content=\"A la suite de la finalisation de l\u2019op\u00e9ration d\u2019entr\u00e9e de SUEZ dans son capital, The Future Is NEUTRAL met en place un Conseil d\u2019Administration.\" \/>\n<meta name=\"robots\" content=\"index, follow, max-snippet:-1, max-image-preview:large, max-video-preview:-1\" \/>\n<link rel=\"canonical\" href=\"https:\/\/www.thefutureisneutral.com\/fr\/news\/the-future-is-neutral-met-en-place-son-conseil-dadministration\/\" \/>\n<meta property=\"og:locale\" content=\"fr_FR\" \/>\n<meta property=\"og:type\" content=\"article\" \/>\n<meta property=\"og:title\" content=\"The Future Is NEUTRAL met en place son Conseil d\u2019Administration - The Future Is Neutral\" \/>\n<meta property=\"og:description\" content=\"A la suite de la finalisation de l\u2019op\u00e9ration d\u2019entr\u00e9e de SUEZ dans son capital, The Future Is NEUTRAL met en place un Conseil d\u2019Administration.\" \/>\n<meta property=\"og:url\" content=\"https:\/\/www.thefutureisneutral.com\/fr\/news\/the-future-is-neutral-met-en-place-son-conseil-dadministration\/\" \/>\n<meta property=\"og:site_name\" content=\"The Future Is Neutral\" \/>\n<meta property=\"article:modified_time\" content=\"2025-03-06T07:48:50+00:00\" \/>\n<meta property=\"og:image\" content=\"https:\/\/www.thefutureisneutral.com\/app\/uploads\/2024\/10\/RENAULT_NEUTRAL_LOGOTYPE_BLANC_COLORWAY-6_RVB-1024x746.webp\" \/>\n\t<meta property=\"og:image:width\" content=\"1024\" \/>\n\t<meta property=\"og:image:height\" content=\"746\" \/>\n\t<meta property=\"og:image:type\" content=\"image\/webp\" \/>\n<meta name=\"twitter:card\" content=\"summary_large_image\" \/>\n<meta name=\"twitter:label1\" content=\"Est. reading time\" \/>\n\t<meta name=\"twitter:data1\" content=\"1 minute\" \/>\n<script type=\"application\/ld+json\" class=\"yoast-schema-graph\">{\"@context\":\"https:\/\/schema.org\",\"@graph\":[{\"@type\":\"WebPage\",\"@id\":\"https:\/\/www.thefutureisneutral.com\/fr\/news\/the-future-is-neutral-met-en-place-son-conseil-dadministration\/\",\"url\":\"https:\/\/www.thefutureisneutral.com\/fr\/news\/the-future-is-neutral-met-en-place-son-conseil-dadministration\/\",\"name\":\"The Future Is NEUTRAL met en place son Conseil d\u2019Administration - The Future Is Neutral\",\"isPartOf\":{\"@id\":\"https:\/\/www.thefutureisneutral.com\/fr\/#website\"},\"datePublished\":\"2024-10-21T12:30:47+00:00\",\"dateModified\":\"2025-03-06T07:48:50+00:00\",\"description\":\"A la suite de la finalisation de l\u2019op\u00e9ration d\u2019entr\u00e9e de SUEZ dans son capital, The Future Is NEUTRAL met en place un Conseil d\u2019Administration.\",\"breadcrumb\":{\"@id\":\"https:\/\/www.thefutureisneutral.com\/fr\/news\/the-future-is-neutral-met-en-place-son-conseil-dadministration\/#breadcrumb\"},\"inLanguage\":\"fr-FR\",\"potentialAction\":[{\"@type\":\"ReadAction\",\"target\":[\"https:\/\/www.thefutureisneutral.com\/fr\/news\/the-future-is-neutral-met-en-place-son-conseil-dadministration\/\"]}]},{\"@type\":\"BreadcrumbList\",\"@id\":\"https:\/\/www.thefutureisneutral.com\/fr\/news\/the-future-is-neutral-met-en-place-son-conseil-dadministration\/#breadcrumb\",\"itemListElement\":[{\"@type\":\"ListItem\",\"position\":1,\"name\":\"Home\",\"item\":\"https:\/\/www.thefutureisneutral.com\/fr\/\"},{\"@type\":\"ListItem\",\"position\":2,\"name\":\"The Future Is NEUTRAL met en place son Conseil d\u2019Administration\"}]},{\"@type\":\"WebSite\",\"@id\":\"https:\/\/www.thefutureisneutral.com\/fr\/#website\",\"url\":\"https:\/\/www.thefutureisneutral.com\/fr\/\",\"name\":\"The Future Is Neutral\",\"description\":\"\",\"publisher\":{\"@id\":\"https:\/\/www.thefutureisneutral.com\/fr\/#organization\"},\"potentialAction\":[{\"@type\":\"SearchAction\",\"target\":{\"@type\":\"EntryPoint\",\"urlTemplate\":\"https:\/\/www.thefutureisneutral.com\/fr\/?s={search_term_string}\"},\"query-input\":\"required name=search_term_string\"}],\"inLanguage\":\"fr-FR\"},{\"@type\":\"Organization\",\"@id\":\"https:\/\/www.thefutureisneutral.com\/fr\/#organization\",\"name\":\"The Future Is Neutral\",\"url\":\"https:\/\/www.thefutureisneutral.com\/fr\/\",\"logo\":{\"@type\":\"ImageObject\",\"inLanguage\":\"fr-FR\",\"@id\":\"https:\/\/www.thefutureisneutral.com\/fr\/#\/schema\/logo\/image\/\",\"url\":\"https:\/\/www.thefutureisneutral.com\/app\/uploads\/2024\/02\/0fcf8d27fb4aa2a16ac64c8989c3b9a2-l.jpg.webp\",\"contentUrl\":\"https:\/\/www.thefutureisneutral.com\/app\/uploads\/2024\/02\/0fcf8d27fb4aa2a16ac64c8989c3b9a2-l.jpg.webp\",\"width\":2000,\"height\":1125,\"caption\":\"The Future Is Neutral\"},\"image\":{\"@id\":\"https:\/\/www.thefutureisneutral.com\/fr\/#\/schema\/logo\/image\/\"},\"sameAs\":[\"https:\/\/www.linkedin.com\/company\/the-future-is-neutral\/\",\"https:\/\/www.youtube.com\/channel\/UCM7Q2CTHTbycgNXfxJjky0g\"]}]}<\/script>\n<!-- \/ Yoast SEO plugin. -->","yoast_head_json":{"title":"The Future Is NEUTRAL met en place son Conseil d\u2019Administration - The Future Is Neutral","description":"A la suite de la finalisation de l\u2019op\u00e9ration d\u2019entr\u00e9e de SUEZ dans son capital, The Future Is NEUTRAL met en place un Conseil d\u2019Administration.","robots":{"index":"index","follow":"follow","max-snippet":"max-snippet:-1","max-image-preview":"max-image-preview:large","max-video-preview":"max-video-preview:-1"},"canonical":"https:\/\/www.thefutureisneutral.com\/fr\/news\/the-future-is-neutral-met-en-place-son-conseil-dadministration\/","og_locale":"fr_FR","og_type":"article","og_title":"The Future Is NEUTRAL met en place son Conseil d\u2019Administration - The Future Is Neutral","og_description":"A la suite de la finalisation de l\u2019op\u00e9ration d\u2019entr\u00e9e de SUEZ dans son capital, The Future Is NEUTRAL met en place un Conseil d\u2019Administration.","og_url":"https:\/\/www.thefutureisneutral.com\/fr\/news\/the-future-is-neutral-met-en-place-son-conseil-dadministration\/","og_site_name":"The Future Is Neutral","article_modified_time":"2025-03-06T07:48:50+00:00","og_image":[{"width":1024,"height":746,"url":"https:\/\/www.thefutureisneutral.com\/app\/uploads\/2024\/10\/RENAULT_NEUTRAL_LOGOTYPE_BLANC_COLORWAY-6_RVB-1024x746.webp","type":"image\/webp"}],"twitter_card":"summary_large_image","twitter_misc":{"Est. reading time":"1 minute"},"schema":{"@context":"https:\/\/schema.org","@graph":[{"@type":"WebPage","@id":"https:\/\/www.thefutureisneutral.com\/fr\/news\/the-future-is-neutral-met-en-place-son-conseil-dadministration\/","url":"https:\/\/www.thefutureisneutral.com\/fr\/news\/the-future-is-neutral-met-en-place-son-conseil-dadministration\/","name":"The Future Is NEUTRAL met en place son Conseil d\u2019Administration - The Future Is Neutral","isPartOf":{"@id":"https:\/\/www.thefutureisneutral.com\/fr\/#website"},"datePublished":"2024-10-21T12:30:47+00:00","dateModified":"2025-03-06T07:48:50+00:00","description":"A la suite de la finalisation de l\u2019op\u00e9ration d\u2019entr\u00e9e de SUEZ dans son capital, The Future Is NEUTRAL met en place un Conseil d\u2019Administration.","breadcrumb":{"@id":"https:\/\/www.thefutureisneutral.com\/fr\/news\/the-future-is-neutral-met-en-place-son-conseil-dadministration\/#breadcrumb"},"inLanguage":"fr-FR","potentialAction":[{"@type":"ReadAction","target":["https:\/\/www.thefutureisneutral.com\/fr\/news\/the-future-is-neutral-met-en-place-son-conseil-dadministration\/"]}]},{"@type":"BreadcrumbList","@id":"https:\/\/www.thefutureisneutral.com\/fr\/news\/the-future-is-neutral-met-en-place-son-conseil-dadministration\/#breadcrumb","itemListElement":[{"@type":"ListItem","position":1,"name":"Home","item":"https:\/\/www.thefutureisneutral.com\/fr\/"},{"@type":"ListItem","position":2,"name":"The Future Is NEUTRAL met en place son Conseil d\u2019Administration"}]},{"@type":"WebSite","@id":"https:\/\/www.thefutureisneutral.com\/fr\/#website","url":"https:\/\/www.thefutureisneutral.com\/fr\/","name":"The Future Is Neutral","description":"","publisher":{"@id":"https:\/\/www.thefutureisneutral.com\/fr\/#organization"},"potentialAction":[{"@type":"SearchAction","target":{"@type":"EntryPoint","urlTemplate":"https:\/\/www.thefutureisneutral.com\/fr\/?s={search_term_string}"},"query-input":"required name=search_term_string"}],"inLanguage":"fr-FR"},{"@type":"Organization","@id":"https:\/\/www.thefutureisneutral.com\/fr\/#organization","name":"The Future Is Neutral","url":"https:\/\/www.thefutureisneutral.com\/fr\/","logo":{"@type":"ImageObject","inLanguage":"fr-FR","@id":"https:\/\/www.thefutureisneutral.com\/fr\/#\/schema\/logo\/image\/","url":"https:\/\/www.thefutureisneutral.com\/app\/uploads\/2024\/02\/0fcf8d27fb4aa2a16ac64c8989c3b9a2-l.jpg.webp","contentUrl":"https:\/\/www.thefutureisneutral.com\/app\/uploads\/2024\/02\/0fcf8d27fb4aa2a16ac64c8989c3b9a2-l.jpg.webp","width":2000,"height":1125,"caption":"The Future Is Neutral"},"image":{"@id":"https:\/\/www.thefutureisneutral.com\/fr\/#\/schema\/logo\/image\/"},"sameAs":["https:\/\/www.linkedin.com\/company\/the-future-is-neutral\/","https:\/\/www.youtube.com\/channel\/UCM7Q2CTHTbycgNXfxJjky0g"]}]}},"_links":{"self":[{"href":"https:\/\/www.thefutureisneutral.com\/fr\/wp-json\/wp\/v2\/news\/3056","targetHints":{"allow":["GET"]}}],"collection":[{"href":"https:\/\/www.thefutureisneutral.com\/fr\/wp-json\/wp\/v2\/news"}],"about":[{"href":"https:\/\/www.thefutureisneutral.com\/fr\/wp-json\/wp\/v2\/types\/news"}],"author":[{"embeddable":true,"href":"https:\/\/www.thefutureisneutral.com\/fr\/wp-json\/wp\/v2\/users\/6"}],"wp:featuredmedia":[{"embeddable":true,"href":"https:\/\/www.thefutureisneutral.com\/fr\/wp-json\/wp\/v2\/media\/3076"}],"wp:attachment":[{"href":"https:\/\/www.thefutureisneutral.com\/fr\/wp-json\/wp\/v2\/media?parent=3056"}],"wp:term":[{"taxonomy":"new_types","embeddable":true,"href":"https:\/\/www.thefutureisneutral.com\/fr\/wp-json\/wp\/v2\/news_types?post=3056"}],"curies":[{"name":"wp","href":"https:\/\/api.w.org\/{rel}","templated":true}]}}