{"id":3142,"date":"2025-03-07T08:06:16","date_gmt":"2025-03-07T08:06:16","guid":{"rendered":"https:\/\/www.thefutureisneutral.com\/?post_type=news&#038;p=3142"},"modified":"2025-03-07T08:47:55","modified_gmt":"2025-03-07T08:47:55","slug":"nominations-au-sein-du-comite-de-direction-de-the-future-is-neutral","status":"publish","type":"news","link":"https:\/\/www.thefutureisneutral.com\/fr\/news\/nominations-au-sein-du-comite-de-direction-de-the-future-is-neutral\/","title":{"rendered":"Nominations au sein du Comit\u00e9 de Direction de The Future Is NEUTRAL"},"content":{"rendered":"\n<div class=\"herobanner-txt-img\" data-scroll data-scroll-section>\n    <div class=\"cp-inner max-w d-flex flex-wrap\">\n        <div class=\"left col-12 col-sm-6 col-sm-6\">\n            <div class=\"text\">\n                                    <h1 class=\"title\">\n                        <span class=\"anybody-c w-600 txt-46 uppercase c-white\">\n                           Nominations au sein                        <\/span>\n                                                    <br>\n                            <span class=\"anybody-c w-600 txt-46 uppercase stroke-c-white\">\n                                du Comit\u00e9 de Direction de The Future Is NEUTRAL                            <\/span>\n                                            <\/h1>\n                \n                \n                            <\/div>\n\n        <\/div>\n        <div class=\"right col-12 col-sm-6\">\n                            <div class=\"img\">\n                    <img decoding=\"async\"\n                        src=\"https:\/\/www.thefutureisneutral.com\/app\/uploads\/2024\/10\/RENAULT_NEUTRAL_LOGOTYPE_BLANC_COLORWAY-6_RVB.webp\"\n                        alt=\"\"\n                    \/>\n                <\/div>\n            \n            \n        <\/div>\n    <\/div>\n    <\/div>\n\n\n\n\n<div id=\"cp-wysiwyg-block_725b14457b203cc0f2630019c933c518\" class=\"cp-wysiwyg\" data-scroll-section>\n    <div class=\"max-w cp-inner d-flex\">\n        <div class=\"col-12 col-lg-10 offset-lg-1\">\n\n                            <ul>\n<li style=\"list-style-type: none;\">\n<ul>\n<li><strong>Corinne Sieminski devient Directrice G\u00e9n\u00e9rale de GAIA, \u00e0 partir du 1<sup>er<\/sup> f\u00e9vrier.<\/strong><\/li>\n<li><strong>Laurent Claude devient Directeur Technique de The Future Is NEUTRAL, \u00e0 partir du 1<sup>er<\/sup> f\u00e9vrier.<\/strong><\/li>\n<li><strong>Philippe Greiveldinger devient Directeur Financier de The Future Is NEUTRAL, \u00e0 partir du 1<sup>er <\/sup>mars.<\/strong><\/li>\n<\/ul>\n<\/li>\n<\/ul>\n<p>&nbsp;<\/p>\n<p>Boulogne-Billancourt, 7 mars 2025<\/p>\n<p>Corinne Sieminski devient Directrice G\u00e9n\u00e9rale de la filiale GAIA, pionnier de l\u2019\u00e9conomie circulaire automobile. Elle succ\u00e8de \u00e0 Laurent Claude, qui devient Directeur Technique de The Future Is NEUTRAL. Ces changements sont effectifs \u00e0 partir du 1<sup>er<\/sup> f\u00e9vrier 2025.<\/p>\n<p>Philippe Greiveldinger devient Directeur Financier de The Future Is NEUTRAL, en remplacement de Monsieur Jean-Antoine Bergue, qui devient Directeur Financier de la marque Alpine.<\/p>\n<p>Corinne Sieminski, Laurent Claude et Philippe Greiveldinger rejoignent le Comit\u00e9 de Direction de The Future Is NEUTRAL, sous la direction de Jean-Philippe Bahuaud, CEO.<\/p>\n<p><strong><em>\u00ab Ces nominations rapproch\u00e9es soulignent le dynamisme de l\u2019organisation de The Future Is NEUTRAL. Notre Comit\u00e9 de Direction et plus largement nos \u00e9quipes s\u2019\u00e9toffent afin d\u2019acqu\u00e9rir toutes les comp\u00e9tences n\u00e9cessaires au d\u00e9ploiement de notre ambitieux plan de croissance. \u00bb<br \/>\n<\/em><\/strong><br \/>\n<strong>Jean-Philippe Bahuhaud, CEO de The Future Is NEUTRAL<\/strong><\/p>\n<p>&#8211;<\/p>\n<p><strong><u>Corinne Sieminski<\/u><\/strong><\/p>\n<p>Corinne Sieminski poss\u00e8de 27 ans d\u2019exp\u00e9rience dans les secteurs de l\u2019\u00e9nergie et de l\u2019environnement. Apr\u00e8s avoir occup\u00e9 des postes de gestion op\u00e9rationnelle et de management de projets chez EDF et ENGIE, elle a poursuivi sa carri\u00e8re en 2014 chez SUEZ Recycling and Recovery en tant que Chief Transformation Officer et Chief Digital Officer. En 2018, elle a cr\u00e9\u00e9 et dirig\u00e9 Recygo, une entreprise commune entre Suez et La Poste sp\u00e9cialis\u00e9e dans le recyclage des d\u00e9chets de bureau. En novembre 2024, elle rejoint The Future Is NEUTRAL en tant que Materials Recycling Director pour soutenir le d\u00e9veloppement de NEUTRAL dans l&#8217;optimisation des boucles de recyclage, puis devient Directrice G\u00e9n\u00e9rale de GAIA, en f\u00e9vrier 2025.<\/p>\n<p><strong><u>Laurent Claude<\/u><\/strong><\/p>\n<p>Laurent Claude poss\u00e8de une exp\u00e9rience de plus de 35 ans dans les m\u00e9tiers de l\u2019\u00e9conomie circulaire automobile et une double expertise industrielle et technique. Apr\u00e8s un parcours de manager de d\u00e9partements de maintenance d\u2019usines Renault Group en France et \u00e0 l\u2019international, int\u00e9grant la dimension gestion des d\u00e9chets et management environnemental, il prend la responsabilit\u00e9 du D\u00e9partement Technique de l\u2019usine de remanufacturing. A partir de 2012, dans le cadre de la strat\u00e9gie visionnaire de d\u00e9veloppement de l\u2019\u00e9conomie circulaire men\u00e9e par Renault Group, il d\u00e9veloppe les offres de pi\u00e8ces de rechange de r\u00e9emploi, ainsi que de nouvelles boucles courtes de mati\u00e8res recycl\u00e9es. En 2017, il devient Directeur G\u00e9n\u00e9ral de GAIA, entreprise pionni\u00e8re de l\u2019\u00e9conomie circulaire automobile, sp\u00e9cialiste du recyclage de mati\u00e8res en boucle ferm\u00e9e et de la r\u00e9paration des batteries de traction. A partir de f\u00e9vrier 2025, Laurent Claude devient Directeur Technique de The Future Is NEUTRAL, pour renforcer la capacit\u00e9 de l\u2019entreprise \u00e0 proposer des solutions d\u2019\u00e9conomie circulaire innovantes et comp\u00e9titives.<\/p>\n<p><strong><u>Philippe Greiveldinger<\/u><\/strong><\/p>\n<p>Apr\u00e8s 9 ann\u00e9es dans le transport maritime et la logistique terrestre en Afrique de l\u2019Ouest, Philippe Greiveldinger int\u00e8gre le Groupe Renault au contr\u00f4le de gestion de l\u2019usine de Sandouville, avant de rejoindre la plateforme logistique de Grand Couronne et l\u2019usine Oyak Renault en Turquie, comme CFO. Il poursuit ensuite sa carri\u00e8re dans la distribution automobile, en occupant successivement les postes de CFO de Renault Italie et de la Direction Commerciale France. A la cr\u00e9ation de la business unit Dacia, il met en place la fonction Planning &amp; Analyse financi\u00e8res, puis il rejoint la marque Alpine, en charge des \u00e9tudes \u00e9conomiques\u00a0du plan produit ambitieux de la marque. En mars 2025, Philippe Greiveldinger est nomm\u00e9 Directeur Financier de l\u2019entreprise The Future Is NEUTRAL, pour accompagner sa strat\u00e9gie de croissance forte.<\/p>\n                    <\/div>\n\n    <\/div>\n<\/div>\n\n\n\n\n<div id=\"cp-download.-block_43dbf4537cca081769b6c983a386d60c\" class=\"cp-download\" data-scroll-section>\n    <div class=\"max-w cp-inner d-flex flex-wrap\">\n\n                    <div class=\"col-12 top\">\n                <h2 class=\"txt-32 c-white anybody-c w-600 uppercase subtitle\">\n                    DOCUMENTS                    <br>\n                    <span class=\"stroke-c-white w-600 stroke-light\">\n                                            <\/span>\n                <\/h2>\n            <\/div>\n        \n                    <div class=\"col-12 list d-flex flex-wrap\">\n                                    <div class=\"item-download\">\n                        <div class=\"inner d-flex flex-wrap\">\n\n                                                            <div class=\"img\">\n                                    <picture class=\"width-100\">\n                                        <source media=\"(max-width: 767px)\"\n                                                srcset=\"https:\/\/www.thefutureisneutral.com\/app\/uploads\/2025\/03\/fr.jpg\"\/>\n                                        <source media=\"(min-width: 768px)\"\n                                                srcset=\"https:\/\/www.thefutureisneutral.com\/app\/uploads\/2025\/03\/fr.jpg\"\/>\n                                        <img decoding=\"async\"\n                                                src=\"https:\/\/www.thefutureisneutral.com\/app\/uploads\/2025\/03\/fr.jpg\"\n                                                alt=\"\"\/>\n                                    <\/picture>\n                                <\/div>\n                            \n                            <div class=\"content\">\n                                <h3 class=\"txt-22 w-700\">Communiqu\u00e9 de presse<\/h3>\n\n                                <a href=\"https:\/\/www.thefutureisneutral.com\/app\/uploads\/2025\/03\/CP-Nominations-The-Future-Is-NEUTRAL-20250307-FR-1.pdf\" class=\"d-flex doc-link\"  download=\"https:\/\/www.thefutureisneutral.com\/app\/uploads\/2025\/03\/CP-Nominations-The-Future-Is-NEUTRAL-20250307-FR-1.pdf\" data-no-swup>\n\n                                    <svg width=\"16\" height=\"21\" viewBox=\"0 0 16 21\" fill=\"none\" xmlns=\"http:\/\/www.w3.org\/2000\/svg\">\n                                        <path fill-rule=\"evenodd\" clip-rule=\"evenodd\" d=\"M8.554 0.0871582L8.56816 13.6123L13.8104 8.59782L15.0818 9.92696L8.19827 16.5114L6.898 16.4826L0 9.27127L1.32914 7.99988L6.72889 13.6449L6.7147 0.089084L8.554 0.0871582ZM15 19.0729L0 19.0729L0 20.9129L15 20.9129V19.0729Z\" fill=\"white\"\/>\n                                    <\/svg>\n\n                                                                            <span> \n                                            T\u00e9l\u00e9charger                                            <span class=\"hidden-mobile\"> (PDF, 211ko)<\/span>\n                                        <\/span>\n                                                                    <\/a>\n                            <\/div>\n                        <\/div>\n                    <\/div>\n                                    <div class=\"item-download\">\n                        <div class=\"inner d-flex flex-wrap\">\n\n                                                            <div class=\"img\">\n                                    <picture class=\"width-100\">\n                                        <source media=\"(max-width: 767px)\"\n                                                srcset=\"https:\/\/www.thefutureisneutral.com\/app\/uploads\/2025\/03\/corinne-carre.jpg\"\/>\n                                        <source media=\"(min-width: 768px)\"\n                                                srcset=\"https:\/\/www.thefutureisneutral.com\/app\/uploads\/2025\/03\/corinne-carre.jpg\"\/>\n                                        <img decoding=\"async\"\n                                                src=\"https:\/\/www.thefutureisneutral.com\/app\/uploads\/2025\/03\/corinne-carre.jpg\"\n                                                alt=\"\"\/>\n                                    <\/picture>\n                                <\/div>\n                            \n                            <div class=\"content\">\n                                <h3 class=\"txt-22 w-700\">Corinne Sieminski<\/h3>\n\n                                <a href=\"https:\/\/www.thefutureisneutral.com\/app\/uploads\/2025\/03\/Photo-Corinne-Sieminski.jpg\" class=\"d-flex doc-link\"  download=\"https:\/\/www.thefutureisneutral.com\/app\/uploads\/2025\/03\/Photo-Corinne-Sieminski.jpg\" data-no-swup>\n\n                                    <svg width=\"16\" height=\"21\" viewBox=\"0 0 16 21\" fill=\"none\" xmlns=\"http:\/\/www.w3.org\/2000\/svg\">\n                                        <path fill-rule=\"evenodd\" clip-rule=\"evenodd\" d=\"M8.554 0.0871582L8.56816 13.6123L13.8104 8.59782L15.0818 9.92696L8.19827 16.5114L6.898 16.4826L0 9.27127L1.32914 7.99988L6.72889 13.6449L6.7147 0.089084L8.554 0.0871582ZM15 19.0729L0 19.0729L0 20.9129L15 20.9129V19.0729Z\" fill=\"white\"\/>\n                                    <\/svg>\n\n                                                                            <span> \n                                            T\u00e9l\u00e9charger                                            <span class=\"hidden-mobile\"> (JPEG, 41ko)<\/span>\n                                        <\/span>\n                                                                    <\/a>\n                            <\/div>\n                        <\/div>\n                    <\/div>\n                                    <div class=\"item-download\">\n                        <div class=\"inner d-flex flex-wrap\">\n\n                                                            <div class=\"img\">\n                                    <picture class=\"width-100\">\n                                        <source media=\"(max-width: 767px)\"\n                                                srcset=\"https:\/\/www.thefutureisneutral.com\/app\/uploads\/2025\/03\/laurent-carre.jpg\"\/>\n                                        <source media=\"(min-width: 768px)\"\n                                                srcset=\"https:\/\/www.thefutureisneutral.com\/app\/uploads\/2025\/03\/laurent-carre.jpg\"\/>\n                                        <img decoding=\"async\"\n                                                src=\"https:\/\/www.thefutureisneutral.com\/app\/uploads\/2025\/03\/laurent-carre.jpg\"\n                                                alt=\"\"\/>\n                                    <\/picture>\n                                <\/div>\n                            \n                            <div class=\"content\">\n                                <h3 class=\"txt-22 w-700\">Laurent Claude<\/h3>\n\n                                <a href=\"https:\/\/www.thefutureisneutral.com\/app\/uploads\/2025\/03\/Photo-Laurent-Claude.jpg\" class=\"d-flex doc-link\"  download=\"https:\/\/www.thefutureisneutral.com\/app\/uploads\/2025\/03\/Photo-Laurent-Claude.jpg\" data-no-swup>\n\n                                    <svg width=\"16\" height=\"21\" viewBox=\"0 0 16 21\" fill=\"none\" xmlns=\"http:\/\/www.w3.org\/2000\/svg\">\n                                        <path fill-rule=\"evenodd\" clip-rule=\"evenodd\" d=\"M8.554 0.0871582L8.56816 13.6123L13.8104 8.59782L15.0818 9.92696L8.19827 16.5114L6.898 16.4826L0 9.27127L1.32914 7.99988L6.72889 13.6449L6.7147 0.089084L8.554 0.0871582ZM15 19.0729L0 19.0729L0 20.9129L15 20.9129V19.0729Z\" fill=\"white\"\/>\n                                    <\/svg>\n\n                                                                            <span> \n                                            T\u00e9l\u00e9charger                                            <span class=\"hidden-mobile\"> (JPEG, 3mo)<\/span>\n                                        <\/span>\n                                                                    <\/a>\n                            <\/div>\n                        <\/div>\n                    <\/div>\n                                    <div class=\"item-download\">\n                        <div class=\"inner d-flex flex-wrap\">\n\n                                                            <div class=\"img\">\n                                    <picture class=\"width-100\">\n                                        <source media=\"(max-width: 767px)\"\n                                                srcset=\"https:\/\/www.thefutureisneutral.com\/app\/uploads\/2025\/03\/philippe-carre.jpg\"\/>\n                                        <source media=\"(min-width: 768px)\"\n                                                srcset=\"https:\/\/www.thefutureisneutral.com\/app\/uploads\/2025\/03\/philippe-carre.jpg\"\/>\n                                        <img decoding=\"async\"\n                                                src=\"https:\/\/www.thefutureisneutral.com\/app\/uploads\/2025\/03\/philippe-carre.jpg\"\n                                                alt=\"\"\/>\n                                    <\/picture>\n                                <\/div>\n                            \n                            <div class=\"content\">\n                                <h3 class=\"txt-22 w-700\">Philippe Greiveldinger<\/h3>\n\n                                <a href=\"https:\/\/www.thefutureisneutral.com\/app\/uploads\/2025\/03\/Photo-Philippe-Greiveldinger.jpg\" class=\"d-flex doc-link\"  download=\"https:\/\/www.thefutureisneutral.com\/app\/uploads\/2025\/03\/Photo-Philippe-Greiveldinger.jpg\" data-no-swup>\n\n                                    <svg width=\"16\" height=\"21\" viewBox=\"0 0 16 21\" fill=\"none\" xmlns=\"http:\/\/www.w3.org\/2000\/svg\">\n                                        <path fill-rule=\"evenodd\" clip-rule=\"evenodd\" d=\"M8.554 0.0871582L8.56816 13.6123L13.8104 8.59782L15.0818 9.92696L8.19827 16.5114L6.898 16.4826L0 9.27127L1.32914 7.99988L6.72889 13.6449L6.7147 0.089084L8.554 0.0871582ZM15 19.0729L0 19.0729L0 20.9129L15 20.9129V19.0729Z\" fill=\"white\"\/>\n                                    <\/svg>\n\n                                                                            <span> \n                                            T\u00e9l\u00e9charger                                            <span class=\"hidden-mobile\"> (JPEG, 774ko)<\/span>\n                                        <\/span>\n                                                                    <\/a>\n                            <\/div>\n                        <\/div>\n                    <\/div>\n                            <\/div>\n            <\/div>\n<\/div>\n\n\n\n\n<div id=\"cp-cards-block_6a56d70eddef6695cda60699f8e4afbc\" class=\"cp-cards \">\n        <div class=\"cp-inner max-w\">\n        <div class=\"col-12\">\n            <h2 class=\"txt-72 anybody-c w-600 c-white mb-2\">\n                CES CONTENUS                                <br>\n                <span class=\"stroke-c-white w-600\">PEUVENT VOUS INT\u00c9RESSER<\/span>\n                            <\/h2>\n        <\/div>\n    <\/div>\n        <div class=\"cp-inner max-w d-flex flex-wrap list\">\n        <div class=\"swiper swiper-cp-cards\">\n            <div class=\"swiper-wrapper\">\n                                    <div class=\"swiper-slide\">\n        <div class=\"c-white card-news\">\n            <div class=\"card-inner\">\n                <div class=\"img\">\n\n                                            <div class=\"img\">\n                            <picture class=\"width-100\">\n                                <source media=\"(max-width: 767px)\"\n                                        srcset=\"https:\/\/www.thefutureisneutral.com\/app\/uploads\/2024\/03\/resized.jpg\"\/>\n                                <source media=\"(min-width: 768px)\"\n                                        srcset=\"https:\/\/www.thefutureisneutral.com\/app\/uploads\/2024\/03\/resized.jpg\"\/>\n                                <img decoding=\"async\"\n                                        src=\"https:\/\/www.thefutureisneutral.com\/app\/uploads\/2024\/03\/resized.jpg\"\n                                        alt=\"L\u2019INNOVATION, AU C\u0152UR DE L\u2019\u00c9CONOMIE CIRCULAIRE AUTOMOBILE\"\/>\n                            <\/picture>\n                                                    <\/div>\n                                                                <div class=\"tag anybody-c uppercase\">Articles<\/div>\n                    \n                <\/div>\n                <div class=\"text\">\n\n                    \n                    <h3 class=\"txt-22\">L\u2019innovation, au c\u0153ur de l\u2019\u00e9conomie circulaire automobile<\/h3>\n                    <!-- -->\n                                        <a href=\"https:\/\/www.thefutureisneutral.com\/fr\/news\/linnovation-au-coeur-de-leconomie-circulaire-automobile\/\" class=\"stretched-link\"><\/a>\n                <\/div>\n\n            <\/div>\n        <\/div>\n\n    <\/div><div class=\"swiper-slide\">\n        <div class=\"c-white card-news\">\n            <div class=\"card-inner\">\n                <div class=\"img\">\n\n                                            <div class=\"img\">\n                            <picture class=\"width-100\">\n                                <source media=\"(max-width: 767px)\"\n                                        srcset=\"https:\/\/www.thefutureisneutral.com\/app\/uploads\/2025\/01\/R-DAM_1410406.jpg\"\/>\n                                <source media=\"(min-width: 768px)\"\n                                        srcset=\"https:\/\/www.thefutureisneutral.com\/app\/uploads\/2025\/01\/R-DAM_1410406.jpg\"\/>\n                                <img decoding=\"async\"\n                                        src=\"https:\/\/www.thefutureisneutral.com\/app\/uploads\/2025\/01\/R-DAM_1410406.jpg\"\n                                        alt=\"homme qui travaille dans l'usine\"\/>\n                            <\/picture>\n                                                    <\/div>\n                                                                <div class=\"tag anybody-c uppercase\">Articles<\/div>\n                    \n                <\/div>\n                <div class=\"text\">\n\n                    \n                    <h3 class=\"txt-22\">The Remakers et Continental collaborent sur le remanufacturing du convertisseur DCDC<\/h3>\n                    <!-- -->\n                                        <a href=\"https:\/\/www.thefutureisneutral.com\/fr\/news\/the-remakers-et-continental-collaborent-sur-le-remanufacturing-du-convertisseur-dcdc\/\" class=\"stretched-link\"><\/a>\n                <\/div>\n\n            <\/div>\n        <\/div>\n\n    <\/div><div class=\"swiper-slide\">\n        <div class=\"c-white card-news\">\n            <div class=\"card-inner\">\n                <div class=\"img\">\n\n                                            <div class=\"img\">\n                            <picture class=\"width-100\">\n                                <source media=\"(max-width: 767px)\"\n                                        srcset=\"https:\/\/www.thefutureisneutral.com\/app\/uploads\/2024\/10\/KV_NEUTRAL-1.jpg\"\/>\n                                <source media=\"(min-width: 768px)\"\n                                        srcset=\"https:\/\/www.thefutureisneutral.com\/app\/uploads\/2024\/10\/KV_NEUTRAL-1.jpg\"\/>\n                                <img decoding=\"async\"\n                                        src=\"https:\/\/www.thefutureisneutral.com\/app\/uploads\/2024\/10\/KV_NEUTRAL-1.jpg\"\n                                        alt=\"Renault &#038; SUEZ\"\/>\n                            <\/picture>\n                                                    <\/div>\n                                                                <div class=\"tag anybody-c uppercase\">Articles<\/div>\n                    \n                <\/div>\n                <div class=\"text\">\n\n                    \n                    <h3 class=\"txt-22\">SUEZ rentre au capital de The Future Is NEUTRAL<\/h3>\n                    <!-- -->\n                                        <a href=\"https:\/\/www.thefutureisneutral.com\/fr\/news\/suez-rentre-au-capital-de-the-future-is-neutral\/\" class=\"stretched-link\"><\/a>\n                <\/div>\n\n            <\/div>\n        <\/div>\n\n    <\/div>                            <\/div>\n            <div class=\"scrollbar-c\">\n                <div class=\"swiper-scrollbar swiper-scrollbar-cp-cards swiper-scrollbar-custom\"><\/div>\n            <\/div>\n        <\/div>\n\n    <\/div>\n            <canvas class=\"bg-gradient-animated height-100\" data-color=\"blue\" data-position=\"left_center\"><\/canvas>\n    <\/div>","protected":false},"author":2,"featured_media":3076,"menu_order":0,"template":"","news_types":[47],"class_list":["post-3142","news","type-news","status-publish","has-post-thumbnail","hentry","new_types-presse"],"acf":[],"yoast_head":"<!-- This site is optimized with the Yoast SEO plugin v21.8 - https:\/\/yoast.com\/wordpress\/plugins\/seo\/ -->\n<title>Nominations au sein du Comit\u00e9 de Direction de The Future Is NEUTRAL - The Future Is Neutral<\/title>\n<meta name=\"description\" content=\"Nouvelles nominations au sein du Comit\u00e9 de Direction de The Future Is NEUTRAL.\" \/>\n<meta name=\"robots\" content=\"index, follow, max-snippet:-1, max-image-preview:large, max-video-preview:-1\" \/>\n<link rel=\"canonical\" href=\"https:\/\/www.thefutureisneutral.com\/fr\/news\/nominations-au-sein-du-comite-de-direction-de-the-future-is-neutral\/\" \/>\n<meta property=\"og:locale\" content=\"fr_FR\" \/>\n<meta property=\"og:type\" content=\"article\" \/>\n<meta property=\"og:title\" content=\"Nominations au sein du Comit\u00e9 de Direction de The Future Is NEUTRAL - The Future Is Neutral\" \/>\n<meta property=\"og:description\" content=\"Nouvelles nominations au sein du Comit\u00e9 de Direction de The Future Is NEUTRAL.\" \/>\n<meta property=\"og:url\" content=\"https:\/\/www.thefutureisneutral.com\/fr\/news\/nominations-au-sein-du-comite-de-direction-de-the-future-is-neutral\/\" \/>\n<meta property=\"og:site_name\" content=\"The Future Is Neutral\" \/>\n<meta property=\"article:modified_time\" content=\"2025-03-07T08:47:55+00:00\" \/>\n<meta property=\"og:image\" content=\"https:\/\/www.thefutureisneutral.com\/app\/uploads\/2024\/10\/RENAULT_NEUTRAL_LOGOTYPE_BLANC_COLORWAY-6_RVB-1024x746.webp\" \/>\n\t<meta property=\"og:image:width\" content=\"1024\" \/>\n\t<meta property=\"og:image:height\" content=\"746\" \/>\n\t<meta property=\"og:image:type\" content=\"image\/webp\" \/>\n<meta name=\"twitter:card\" content=\"summary_large_image\" \/>\n<meta name=\"twitter:label1\" content=\"Est. reading time\" \/>\n\t<meta name=\"twitter:data1\" content=\"1 minute\" \/>\n<script type=\"application\/ld+json\" class=\"yoast-schema-graph\">{\"@context\":\"https:\/\/schema.org\",\"@graph\":[{\"@type\":\"WebPage\",\"@id\":\"https:\/\/www.thefutureisneutral.com\/fr\/news\/nominations-au-sein-du-comite-de-direction-de-the-future-is-neutral\/\",\"url\":\"https:\/\/www.thefutureisneutral.com\/fr\/news\/nominations-au-sein-du-comite-de-direction-de-the-future-is-neutral\/\",\"name\":\"Nominations au sein du Comit\u00e9 de Direction de The Future Is NEUTRAL - The Future Is Neutral\",\"isPartOf\":{\"@id\":\"https:\/\/www.thefutureisneutral.com\/fr\/#website\"},\"datePublished\":\"2025-03-07T08:06:16+00:00\",\"dateModified\":\"2025-03-07T08:47:55+00:00\",\"description\":\"Nouvelles nominations au sein du Comit\u00e9 de Direction de The Future Is NEUTRAL.\",\"breadcrumb\":{\"@id\":\"https:\/\/www.thefutureisneutral.com\/fr\/news\/nominations-au-sein-du-comite-de-direction-de-the-future-is-neutral\/#breadcrumb\"},\"inLanguage\":\"fr-FR\",\"potentialAction\":[{\"@type\":\"ReadAction\",\"target\":[\"https:\/\/www.thefutureisneutral.com\/fr\/news\/nominations-au-sein-du-comite-de-direction-de-the-future-is-neutral\/\"]}]},{\"@type\":\"BreadcrumbList\",\"@id\":\"https:\/\/www.thefutureisneutral.com\/fr\/news\/nominations-au-sein-du-comite-de-direction-de-the-future-is-neutral\/#breadcrumb\",\"itemListElement\":[{\"@type\":\"ListItem\",\"position\":1,\"name\":\"Home\",\"item\":\"https:\/\/www.thefutureisneutral.com\/fr\/\"},{\"@type\":\"ListItem\",\"position\":2,\"name\":\"Nominations au sein du Comit\u00e9 de Direction de The Future Is NEUTRAL\"}]},{\"@type\":\"WebSite\",\"@id\":\"https:\/\/www.thefutureisneutral.com\/fr\/#website\",\"url\":\"https:\/\/www.thefutureisneutral.com\/fr\/\",\"name\":\"The Future Is Neutral\",\"description\":\"\",\"publisher\":{\"@id\":\"https:\/\/www.thefutureisneutral.com\/fr\/#organization\"},\"potentialAction\":[{\"@type\":\"SearchAction\",\"target\":{\"@type\":\"EntryPoint\",\"urlTemplate\":\"https:\/\/www.thefutureisneutral.com\/fr\/?s={search_term_string}\"},\"query-input\":\"required name=search_term_string\"}],\"inLanguage\":\"fr-FR\"},{\"@type\":\"Organization\",\"@id\":\"https:\/\/www.thefutureisneutral.com\/fr\/#organization\",\"name\":\"The Future Is Neutral\",\"url\":\"https:\/\/www.thefutureisneutral.com\/fr\/\",\"logo\":{\"@type\":\"ImageObject\",\"inLanguage\":\"fr-FR\",\"@id\":\"https:\/\/www.thefutureisneutral.com\/fr\/#\/schema\/logo\/image\/\",\"url\":\"https:\/\/www.thefutureisneutral.com\/app\/uploads\/2024\/02\/0fcf8d27fb4aa2a16ac64c8989c3b9a2-l.jpg.webp\",\"contentUrl\":\"https:\/\/www.thefutureisneutral.com\/app\/uploads\/2024\/02\/0fcf8d27fb4aa2a16ac64c8989c3b9a2-l.jpg.webp\",\"width\":2000,\"height\":1125,\"caption\":\"The Future Is Neutral\"},\"image\":{\"@id\":\"https:\/\/www.thefutureisneutral.com\/fr\/#\/schema\/logo\/image\/\"},\"sameAs\":[\"https:\/\/www.linkedin.com\/company\/the-future-is-neutral\/\",\"https:\/\/www.youtube.com\/channel\/UCM7Q2CTHTbycgNXfxJjky0g\"]}]}<\/script>\n<!-- \/ Yoast SEO plugin. -->","yoast_head_json":{"title":"Nominations au sein du Comit\u00e9 de Direction de The Future Is NEUTRAL - The Future Is Neutral","description":"Nouvelles nominations au sein du Comit\u00e9 de Direction de The Future Is NEUTRAL.","robots":{"index":"index","follow":"follow","max-snippet":"max-snippet:-1","max-image-preview":"max-image-preview:large","max-video-preview":"max-video-preview:-1"},"canonical":"https:\/\/www.thefutureisneutral.com\/fr\/news\/nominations-au-sein-du-comite-de-direction-de-the-future-is-neutral\/","og_locale":"fr_FR","og_type":"article","og_title":"Nominations au sein du Comit\u00e9 de Direction de The Future Is NEUTRAL - The Future Is Neutral","og_description":"Nouvelles nominations au sein du Comit\u00e9 de Direction de The Future Is NEUTRAL.","og_url":"https:\/\/www.thefutureisneutral.com\/fr\/news\/nominations-au-sein-du-comite-de-direction-de-the-future-is-neutral\/","og_site_name":"The Future Is Neutral","article_modified_time":"2025-03-07T08:47:55+00:00","og_image":[{"width":1024,"height":746,"url":"https:\/\/www.thefutureisneutral.com\/app\/uploads\/2024\/10\/RENAULT_NEUTRAL_LOGOTYPE_BLANC_COLORWAY-6_RVB-1024x746.webp","type":"image\/webp"}],"twitter_card":"summary_large_image","twitter_misc":{"Est. reading time":"1 minute"},"schema":{"@context":"https:\/\/schema.org","@graph":[{"@type":"WebPage","@id":"https:\/\/www.thefutureisneutral.com\/fr\/news\/nominations-au-sein-du-comite-de-direction-de-the-future-is-neutral\/","url":"https:\/\/www.thefutureisneutral.com\/fr\/news\/nominations-au-sein-du-comite-de-direction-de-the-future-is-neutral\/","name":"Nominations au sein du Comit\u00e9 de Direction de The Future Is NEUTRAL - The Future Is Neutral","isPartOf":{"@id":"https:\/\/www.thefutureisneutral.com\/fr\/#website"},"datePublished":"2025-03-07T08:06:16+00:00","dateModified":"2025-03-07T08:47:55+00:00","description":"Nouvelles nominations au sein du Comit\u00e9 de Direction de The Future Is NEUTRAL.","breadcrumb":{"@id":"https:\/\/www.thefutureisneutral.com\/fr\/news\/nominations-au-sein-du-comite-de-direction-de-the-future-is-neutral\/#breadcrumb"},"inLanguage":"fr-FR","potentialAction":[{"@type":"ReadAction","target":["https:\/\/www.thefutureisneutral.com\/fr\/news\/nominations-au-sein-du-comite-de-direction-de-the-future-is-neutral\/"]}]},{"@type":"BreadcrumbList","@id":"https:\/\/www.thefutureisneutral.com\/fr\/news\/nominations-au-sein-du-comite-de-direction-de-the-future-is-neutral\/#breadcrumb","itemListElement":[{"@type":"ListItem","position":1,"name":"Home","item":"https:\/\/www.thefutureisneutral.com\/fr\/"},{"@type":"ListItem","position":2,"name":"Nominations au sein du Comit\u00e9 de Direction de The Future Is NEUTRAL"}]},{"@type":"WebSite","@id":"https:\/\/www.thefutureisneutral.com\/fr\/#website","url":"https:\/\/www.thefutureisneutral.com\/fr\/","name":"The Future Is Neutral","description":"","publisher":{"@id":"https:\/\/www.thefutureisneutral.com\/fr\/#organization"},"potentialAction":[{"@type":"SearchAction","target":{"@type":"EntryPoint","urlTemplate":"https:\/\/www.thefutureisneutral.com\/fr\/?s={search_term_string}"},"query-input":"required name=search_term_string"}],"inLanguage":"fr-FR"},{"@type":"Organization","@id":"https:\/\/www.thefutureisneutral.com\/fr\/#organization","name":"The Future Is Neutral","url":"https:\/\/www.thefutureisneutral.com\/fr\/","logo":{"@type":"ImageObject","inLanguage":"fr-FR","@id":"https:\/\/www.thefutureisneutral.com\/fr\/#\/schema\/logo\/image\/","url":"https:\/\/www.thefutureisneutral.com\/app\/uploads\/2024\/02\/0fcf8d27fb4aa2a16ac64c8989c3b9a2-l.jpg.webp","contentUrl":"https:\/\/www.thefutureisneutral.com\/app\/uploads\/2024\/02\/0fcf8d27fb4aa2a16ac64c8989c3b9a2-l.jpg.webp","width":2000,"height":1125,"caption":"The Future Is Neutral"},"image":{"@id":"https:\/\/www.thefutureisneutral.com\/fr\/#\/schema\/logo\/image\/"},"sameAs":["https:\/\/www.linkedin.com\/company\/the-future-is-neutral\/","https:\/\/www.youtube.com\/channel\/UCM7Q2CTHTbycgNXfxJjky0g"]}]}},"_links":{"self":[{"href":"https:\/\/www.thefutureisneutral.com\/fr\/wp-json\/wp\/v2\/news\/3142","targetHints":{"allow":["GET"]}}],"collection":[{"href":"https:\/\/www.thefutureisneutral.com\/fr\/wp-json\/wp\/v2\/news"}],"about":[{"href":"https:\/\/www.thefutureisneutral.com\/fr\/wp-json\/wp\/v2\/types\/news"}],"author":[{"embeddable":true,"href":"https:\/\/www.thefutureisneutral.com\/fr\/wp-json\/wp\/v2\/users\/2"}],"wp:featuredmedia":[{"embeddable":true,"href":"https:\/\/www.thefutureisneutral.com\/fr\/wp-json\/wp\/v2\/media\/3076"}],"wp:attachment":[{"href":"https:\/\/www.thefutureisneutral.com\/fr\/wp-json\/wp\/v2\/media?parent=3142"}],"wp:term":[{"taxonomy":"new_types","embeddable":true,"href":"https:\/\/www.thefutureisneutral.com\/fr\/wp-json\/wp\/v2\/news_types?post=3142"}],"curies":[{"name":"wp","href":"https:\/\/api.w.org\/{rel}","templated":true}]}}