{"id":3208,"date":"2025-04-01T12:00:24","date_gmt":"2025-04-01T12:00:24","guid":{"rendered":"https:\/\/www.thefutureisneutral.com\/?post_type=news&#038;p=3208"},"modified":"2025-04-01T12:00:27","modified_gmt":"2025-04-01T12:00:27","slug":"the-remakers-presente-a-rematec-la-1ere-offre-europeenne-de-remanufacturing-dediee-aux-vehicules-electriques","status":"publish","type":"news","link":"https:\/\/www.thefutureisneutral.com\/fr\/news\/the-remakers-presente-a-rematec-la-1ere-offre-europeenne-de-remanufacturing-dediee-aux-vehicules-electriques\/","title":{"rendered":"The Remakers pr\u00e9sente \u00e0 Rematec la 1\u00e8re offre europ\u00e9enne de remanufacturing d\u00e9di\u00e9e aux v\u00e9hicules \u00e9lectriques"},"content":{"rendered":"\n<div class=\"herobanner-txt-img\" data-scroll data-scroll-section>\n    <div class=\"cp-inner max-w d-flex flex-wrap\">\n        <div class=\"left col-12 col-sm-6 col-sm-6\">\n            <div class=\"text\">\n                                    <h1 class=\"title\">\n                        <span class=\"anybody-c w-600 txt-46 uppercase c-white\">\n                           The Remakers pr\u00e9sente \u00e0 Rematec la 1\u00e8re offre europ\u00e9enne                        <\/span>\n                                                    <br>\n                            <span class=\"anybody-c w-600 txt-46 uppercase stroke-c-white\">\n                                de remanufacturing d\u00e9di\u00e9e aux v\u00e9hicules \u00e9lectriques                            <\/span>\n                                            <\/h1>\n                \n                \n                            <\/div>\n\n        <\/div>\n        <div class=\"right col-12 col-sm-6\">\n                            <div class=\"img\">\n                    <img decoding=\"async\"\n                        src=\"https:\/\/www.thefutureisneutral.com\/app\/uploads\/2024\/05\/41c8a615ce782fb56ce0da21a2197fc9-l.jpg-1.jpg\"\n                        alt=\"THE REMAKERS : NAISSANCE D\u2019UN NOUVEAU LEADER EUROP\u00c9EN DE LA R\u00c9NOVATION DE PI\u00c8CES AUTOMOBILES\"\n                    \/>\n                <\/div>\n            \n            \n        <\/div>\n    <\/div>\n    <\/div>\n\n\n\n\n<div id=\"cp-wysiwyg-block_a206f2ecf8b00de20074e106ff6aebc1\" class=\"cp-wysiwyg\" data-scroll-section>\n    <div class=\"max-w cp-inner d-flex\">\n        <div class=\"col-12 col-lg-10 offset-lg-1\">\n\n                            <ul>\n<li><strong>The Remakers sera pr\u00e9sent pour la premi\u00e8re fois au salon Rematec <\/strong><strong>pour y pr\u00e9senter notamment la 1<sup>\u00e8re<\/sup> offre europ\u00e9enne de remanufacturing pour le v\u00e9hicule \u00e9lectrique.<\/strong><\/li>\n<li><strong>Le remanufacturing de l\u2019\u00e9lectronique de puissance est rendu possible gr\u00e2ce aux partenariats nou\u00e9s avec Val\u00e9o et<\/strong><strong> Continental, qui remanufacturent respectivement l\u2019onduleur et le convertisseur de cet ensemble.<\/strong><\/li>\n<\/ul>\n<p><strong>Flins, le 1er avril 2025 <\/strong>\u2013 THE REMAKERS annonce sa pr\u00e9sence pour la premi\u00e8re fois au salon Rematec qui se tiendra \u00e0 Amsterdam du 8 au 10 avril. Il y pr\u00e9sentera l\u2019ensemble de sa gamme et notamment la premi\u00e8re offre europ\u00e9enne de remanufacturing pour les v\u00e9hicules \u00e9lectriques. Elle inclut le remanufacturing du moteur \u00e9lectrique et de l\u2019\u00e9lectronique de puissance, qui sont, avec la batterie de traction, les organes les plus co\u00fbteux d\u2019un v\u00e9hicule \u00e9lectrique.<\/p>\n<p>\u201c<em>Dans un march\u00e9 en croissance continue, notamment tir\u00e9 par l\u2019\u00e9lectrification du parc, The Remakers a une longueur d\u2019avance sur le remanufacturing des organes \u00e9lectriques. Cette offre repr\u00e9sente pour les r\u00e9parateurs une alternative aux pi\u00e8ces neuves, de qualit\u00e9 \u00e9quivalente et en moyenne <\/em><em>30 % plus \u00e9conomique, ce qui est un v\u00e9ritable argument pour ces pi\u00e8ces \u00e0 forte valeur ajout\u00e9e. Par ailleurs, le remanufacturing est une solution moins consommatrice de ressources naturelles. A titre d\u2019exemple, le process industriel permet de r\u00e9utiliser jusqu\u2019\u00e0 <\/em><em>99 % de la masse d\u2019un moteur \u00e9lectrique.<\/em>\u201d, d\u00e9clare Rafael Treguer, directeur g\u00e9n\u00e9ral de The Remakers.<\/p>\n<p>Le remanufacturing de moteurs \u00e9lectriques a d\u00e9j\u00e0 d\u00e9marr\u00e9 fin 2024 et plus de mille moteurs \u00e9lectriques remanufactur\u00e9s ont d\u00e9j\u00e0 \u00e9t\u00e9 livr\u00e9s \u00e0 date.<\/p>\n<p>Le remanufacturing de l\u2019\u00e9lectronique de puissance d\u00e9marre, quant \u00e0 lui, \u00e0 l\u2019automne. C\u2019est le r\u00e9sultat d\u2019un partenariat nou\u00e9 avec Val\u00e9o et Continental, qui a permis de co-d\u00e9velopper cette solution compl\u00e8te int\u00e9grant le remanufacturing de l\u2019onduleur par Val\u00e9o et du convertisseur par Continental. Cette collaboration permet de mettre un produit technologique de grande qualit\u00e9 plus rapidement sur le march\u00e9 avec un prix plus abordable que le neuf et une qualit\u00e9 \u00e9quivalente.<\/p>\n<p style=\"text-align: center;\"><strong>Inscrivez-vous \u00e0 notre newsletter <\/strong><a href=\"https:\/\/news.thefutureisneutral.com\/fr?lang=fra\"><strong>ici<\/strong><\/a><strong> et retrouvez nos derni\u00e8res actualit\u00e9s <\/strong><a href=\"https:\/\/www.thefutureisneutral.com\/fr\/actualites\/\"><strong>ici<\/strong><\/a>.<\/p>\n<hr \/>\n<p>&nbsp;<\/p>\n<p><strong>A propos de THE REMAKERS<\/strong><\/p>\n<p>Pionnier du remanufacturing automobile depuis 1949, THE REMAKERS est un leader europ\u00e9en du remanufacturing de pi\u00e8ces automobiles, au service de tous les acteurs du secteur. L&#8217;entreprise propose une large gamme de produits comprenant plus de 11 000 r\u00e9f\u00e9rences \u2013 m\u00e9caniques, \u00e9lectroniques et \u00e9lectriques, dont la premi\u00e8re offre disponible en Europe pour les v\u00e9hicules \u00e9lectriques, soulignant son engagement envers l&#8217;innovation, la durabilit\u00e9 et l\u2019environnement. Son offre repr\u00e9sente une alternative aux pi\u00e8ces d&#8217;origine, avec un niveau de qualit\u00e9 \u00e9quivalent et un prix comp\u00e9titif, gr\u00e2ce \u00e0 un processus industriel \u00e9prouv\u00e9 et une expertise reconnue en ing\u00e9nierie inverse. Situ\u00e9e \u00e0 la Refactory de Flins (France), l&#8217;entreprise livre 350 000 pi\u00e8ces par an et vise une croissance de 50% de son activit\u00e9 \u00e0 l\u2019horizon 2030. The Remakers est une soci\u00e9t\u00e9 de The Future Is NEUTRAL, une entreprise 360\u00b0 d\u2019\u00e9conomie circulaire automobile.<\/p>\n<p><strong>The Future Is Neutral<br \/>\n<\/strong>Raluca Barb<br \/>\n<a href=\"mailto:raluca.barb@thefutureisneutral.com\">raluca.barb@thefutureisneutral.com<\/a><br \/>\n+33 (0)6 23 56 03 36<\/p>\n                    <\/div>\n\n    <\/div>\n<\/div>\n\n\n\n\n<div id=\"cp-download.-block_5fc412294e83fc4ec1a495ec7aa9b7e2\" class=\"cp-download\" data-scroll-section>\n    <div class=\"max-w cp-inner d-flex flex-wrap\">\n\n                    <div class=\"col-12 top\">\n                <h2 class=\"txt-32 c-white anybody-c w-600 uppercase subtitle\">\n                    DOCUMENTS                    <br>\n                    <span class=\"stroke-c-white w-600 stroke-light\">\n                                            <\/span>\n                <\/h2>\n            <\/div>\n        \n                    <div class=\"col-12 list d-flex flex-wrap\">\n                                    <div class=\"item-download\">\n                        <div class=\"inner d-flex flex-wrap\">\n\n                                                            <div class=\"img\">\n                                    <picture class=\"width-100\">\n                                        <source media=\"(max-width: 767px)\"\n                                                srcset=\"https:\/\/www.thefutureisneutral.com\/app\/uploads\/2025\/04\/vignette-CP-FR.jpg\"\/>\n                                        <source media=\"(min-width: 768px)\"\n                                                srcset=\"https:\/\/www.thefutureisneutral.com\/app\/uploads\/2025\/04\/vignette-CP-FR.jpg\"\/>\n                                        <img decoding=\"async\"\n                                                src=\"https:\/\/www.thefutureisneutral.com\/app\/uploads\/2025\/04\/vignette-CP-FR.jpg\"\n                                                alt=\"\"\/>\n                                    <\/picture>\n                                <\/div>\n                            \n                            <div class=\"content\">\n                                <h3 class=\"txt-22 w-700\">Communiqu\u00e9 de presse<\/h3>\n\n                                <a href=\"https:\/\/www.thefutureisneutral.com\/app\/uploads\/2025\/04\/CP-The-Remakers-a-Rematec-VDEF-FR.pdf\" class=\"d-flex doc-link\"  download=\"https:\/\/www.thefutureisneutral.com\/app\/uploads\/2025\/04\/CP-The-Remakers-a-Rematec-VDEF-FR.pdf\" data-no-swup>\n\n                                    <svg width=\"16\" height=\"21\" viewBox=\"0 0 16 21\" fill=\"none\" xmlns=\"http:\/\/www.w3.org\/2000\/svg\">\n                                        <path fill-rule=\"evenodd\" clip-rule=\"evenodd\" d=\"M8.554 0.0871582L8.56816 13.6123L13.8104 8.59782L15.0818 9.92696L8.19827 16.5114L6.898 16.4826L0 9.27127L1.32914 7.99988L6.72889 13.6449L6.7147 0.089084L8.554 0.0871582ZM15 19.0729L0 19.0729L0 20.9129L15 20.9129V19.0729Z\" fill=\"white\"\/>\n                                    <\/svg>\n\n                                                                            <span> \n                                            T\u00e9l\u00e9charger                                            <span class=\"hidden-mobile\"> (PDF, 423ko)<\/span>\n                                        <\/span>\n                                                                    <\/a>\n                            <\/div>\n                        <\/div>\n                    <\/div>\n                                    <div class=\"item-download\">\n                        <div class=\"inner d-flex flex-wrap\">\n\n                                                            <div class=\"img\">\n                                    <picture class=\"width-100\">\n                                        <source media=\"(max-width: 767px)\"\n                                                srcset=\"https:\/\/www.thefutureisneutral.com\/app\/uploads\/2024\/05\/Nouveau-projet-15.jpg\"\/>\n                                        <source media=\"(min-width: 768px)\"\n                                                srcset=\"https:\/\/www.thefutureisneutral.com\/app\/uploads\/2024\/05\/Nouveau-projet-15.jpg\"\/>\n                                        <img decoding=\"async\"\n                                                src=\"https:\/\/www.thefutureisneutral.com\/app\/uploads\/2024\/05\/Nouveau-projet-15.jpg\"\n                                                alt=\"THE REMAKERS\"\/>\n                                    <\/picture>\n                                <\/div>\n                            \n                            <div class=\"content\">\n                                <h3 class=\"txt-22 w-700\">The Remakers<\/h3>\n\n                                <a href=\"https:\/\/www.thefutureisneutral.com\/app\/uploads\/2024\/05\/0.jpg\" class=\"d-flex doc-link\"  download=\"https:\/\/www.thefutureisneutral.com\/app\/uploads\/2024\/05\/0.jpg\" data-no-swup>\n\n                                    <svg width=\"16\" height=\"21\" viewBox=\"0 0 16 21\" fill=\"none\" xmlns=\"http:\/\/www.w3.org\/2000\/svg\">\n                                        <path fill-rule=\"evenodd\" clip-rule=\"evenodd\" d=\"M8.554 0.0871582L8.56816 13.6123L13.8104 8.59782L15.0818 9.92696L8.19827 16.5114L6.898 16.4826L0 9.27127L1.32914 7.99988L6.72889 13.6449L6.7147 0.089084L8.554 0.0871582ZM15 19.0729L0 19.0729L0 20.9129L15 20.9129V19.0729Z\" fill=\"white\"\/>\n                                    <\/svg>\n\n                                                                            <span> \n                                            T\u00e9l\u00e9charger                                            <span class=\"hidden-mobile\"> (JPEG, 3mo)<\/span>\n                                        <\/span>\n                                                                    <\/a>\n                            <\/div>\n                        <\/div>\n                    <\/div>\n                                    <div class=\"item-download\">\n                        <div class=\"inner d-flex flex-wrap\">\n\n                                                            <div class=\"img\">\n                                    <picture class=\"width-100\">\n                                        <source media=\"(max-width: 767px)\"\n                                                srcset=\"https:\/\/www.thefutureisneutral.com\/app\/uploads\/2025\/01\/R-DAM_1410406.jpg\"\/>\n                                        <source media=\"(min-width: 768px)\"\n                                                srcset=\"https:\/\/www.thefutureisneutral.com\/app\/uploads\/2025\/01\/R-DAM_1410406.jpg\"\/>\n                                        <img decoding=\"async\"\n                                                src=\"https:\/\/www.thefutureisneutral.com\/app\/uploads\/2025\/01\/R-DAM_1410406.jpg\"\n                                                alt=\"homme qui travaille dans l'usine\"\/>\n                                    <\/picture>\n                                <\/div>\n                            \n                            <div class=\"content\">\n                                <h3 class=\"txt-22 w-700\">The Remakers<\/h3>\n\n                                <a href=\"https:\/\/www.thefutureisneutral.com\/app\/uploads\/2025\/01\/R-DAM_1410406.jpg\" class=\"d-flex doc-link\"  download=\"https:\/\/www.thefutureisneutral.com\/app\/uploads\/2025\/01\/R-DAM_1410406.jpg\" data-no-swup>\n\n                                    <svg width=\"16\" height=\"21\" viewBox=\"0 0 16 21\" fill=\"none\" xmlns=\"http:\/\/www.w3.org\/2000\/svg\">\n                                        <path fill-rule=\"evenodd\" clip-rule=\"evenodd\" d=\"M8.554 0.0871582L8.56816 13.6123L13.8104 8.59782L15.0818 9.92696L8.19827 16.5114L6.898 16.4826L0 9.27127L1.32914 7.99988L6.72889 13.6449L6.7147 0.089084L8.554 0.0871582ZM15 19.0729L0 19.0729L0 20.9129L15 20.9129V19.0729Z\" fill=\"white\"\/>\n                                    <\/svg>\n\n                                                                            <span> \n                                            T\u00e9l\u00e9charger                                            <span class=\"hidden-mobile\"> (JPEG, 567ko)<\/span>\n                                        <\/span>\n                                                                    <\/a>\n                            <\/div>\n                        <\/div>\n                    <\/div>\n                                    <div class=\"item-download\">\n                        <div class=\"inner d-flex flex-wrap\">\n\n                                                            <div class=\"img\">\n                                    <picture class=\"width-100\">\n                                        <source media=\"(max-width: 767px)\"\n                                                srcset=\"https:\/\/www.thefutureisneutral.com\/app\/uploads\/2024\/10\/R-DAM_1525635.jpg\"\/>\n                                        <source media=\"(min-width: 768px)\"\n                                                srcset=\"https:\/\/www.thefutureisneutral.com\/app\/uploads\/2024\/10\/R-DAM_1525635.jpg\"\/>\n                                        <img decoding=\"async\"\n                                                src=\"https:\/\/www.thefutureisneutral.com\/app\/uploads\/2024\/10\/R-DAM_1525635.jpg\"\n                                                alt=\"\"\/>\n                                    <\/picture>\n                                <\/div>\n                            \n                            <div class=\"content\">\n                                <h3 class=\"txt-22 w-700\">The Remakers<\/h3>\n\n                                <a href=\"https:\/\/www.thefutureisneutral.com\/app\/uploads\/2024\/10\/R-DAM_1525635.jpg\" class=\"d-flex doc-link\"  download=\"https:\/\/www.thefutureisneutral.com\/app\/uploads\/2024\/10\/R-DAM_1525635.jpg\" data-no-swup>\n\n                                    <svg width=\"16\" height=\"21\" viewBox=\"0 0 16 21\" fill=\"none\" xmlns=\"http:\/\/www.w3.org\/2000\/svg\">\n                                        <path fill-rule=\"evenodd\" clip-rule=\"evenodd\" d=\"M8.554 0.0871582L8.56816 13.6123L13.8104 8.59782L15.0818 9.92696L8.19827 16.5114L6.898 16.4826L0 9.27127L1.32914 7.99988L6.72889 13.6449L6.7147 0.089084L8.554 0.0871582ZM15 19.0729L0 19.0729L0 20.9129L15 20.9129V19.0729Z\" fill=\"white\"\/>\n                                    <\/svg>\n\n                                                                            <span> \n                                            T\u00e9l\u00e9charger                                            <span class=\"hidden-mobile\"> (JPEG, 226ko)<\/span>\n                                        <\/span>\n                                                                    <\/a>\n                            <\/div>\n                        <\/div>\n                    <\/div>\n                            <\/div>\n            <\/div>\n<\/div>\n\n\n\n\n<div id=\"cp-cards-block_2c047f74eb66e65e5672d0e5fdde0371\" class=\"cp-cards \">\n        <div class=\"cp-inner max-w\">\n        <div class=\"col-12\">\n            <h2 class=\"txt-72 anybody-c w-600 c-white mb-2\">\n                CES CONTENUS                                <br>\n                <span class=\"stroke-c-white w-600\">PEUVENT VOUS INT\u00c9RESSER<\/span>\n                            <\/h2>\n        <\/div>\n    <\/div>\n        <div class=\"cp-inner max-w d-flex flex-wrap list\">\n        <div class=\"swiper swiper-cp-cards\">\n            <div class=\"swiper-wrapper\">\n                                    <div class=\"swiper-slide\">\n        <div class=\"c-white card-news\">\n            <div class=\"card-inner\">\n                <div class=\"img\">\n\n                                            <div class=\"img\">\n                            <picture class=\"width-100\">\n                                <source media=\"(max-width: 767px)\"\n                                        srcset=\"https:\/\/www.thefutureisneutral.com\/app\/uploads\/2024\/03\/resized.jpg\"\/>\n                                <source media=\"(min-width: 768px)\"\n                                        srcset=\"https:\/\/www.thefutureisneutral.com\/app\/uploads\/2024\/03\/resized.jpg\"\/>\n                                <img decoding=\"async\"\n                                        src=\"https:\/\/www.thefutureisneutral.com\/app\/uploads\/2024\/03\/resized.jpg\"\n                                        alt=\"L\u2019INNOVATION, AU C\u0152UR DE L\u2019\u00c9CONOMIE CIRCULAIRE AUTOMOBILE\"\/>\n                            <\/picture>\n                                                    <\/div>\n                                                                <div class=\"tag anybody-c uppercase\">Articles<\/div>\n                    \n                <\/div>\n                <div class=\"text\">\n\n                    \n                    <h3 class=\"txt-22\">L\u2019innovation, au c\u0153ur de l\u2019\u00e9conomie circulaire automobile<\/h3>\n                    <!-- -->\n                                        <a href=\"https:\/\/www.thefutureisneutral.com\/fr\/news\/linnovation-au-coeur-de-leconomie-circulaire-automobile\/\" class=\"stretched-link\"><\/a>\n                <\/div>\n\n            <\/div>\n        <\/div>\n\n    <\/div><div class=\"swiper-slide\">\n        <div class=\"c-white card-news\">\n            <div class=\"card-inner\">\n                <div class=\"img\">\n\n                                            <div class=\"img\">\n                            <picture class=\"width-100\">\n                                <source media=\"(max-width: 767px)\"\n                                        srcset=\"https:\/\/www.thefutureisneutral.com\/app\/uploads\/2025\/01\/R-DAM_1410406.jpg\"\/>\n                                <source media=\"(min-width: 768px)\"\n                                        srcset=\"https:\/\/www.thefutureisneutral.com\/app\/uploads\/2025\/01\/R-DAM_1410406.jpg\"\/>\n                                <img decoding=\"async\"\n                                        src=\"https:\/\/www.thefutureisneutral.com\/app\/uploads\/2025\/01\/R-DAM_1410406.jpg\"\n                                        alt=\"homme qui travaille dans l'usine\"\/>\n                            <\/picture>\n                                                    <\/div>\n                                                                <div class=\"tag anybody-c uppercase\">Articles<\/div>\n                    \n                <\/div>\n                <div class=\"text\">\n\n                    \n                    <h3 class=\"txt-22\">The Remakers et Continental collaborent sur le remanufacturing du convertisseur DCDC<\/h3>\n                    <!-- -->\n                                        <a href=\"https:\/\/www.thefutureisneutral.com\/fr\/news\/the-remakers-et-continental-collaborent-sur-le-remanufacturing-du-convertisseur-dcdc\/\" class=\"stretched-link\"><\/a>\n                <\/div>\n\n            <\/div>\n        <\/div>\n\n    <\/div><div class=\"swiper-slide\">\n        <div class=\"c-white card-news\">\n            <div class=\"card-inner\">\n                <div class=\"img\">\n\n                                            <div class=\"img\">\n                            <picture class=\"width-100\">\n                                <source media=\"(max-width: 767px)\"\n                                        srcset=\"https:\/\/www.thefutureisneutral.com\/app\/uploads\/2024\/10\/KV_NEUTRAL-1.jpg\"\/>\n                                <source media=\"(min-width: 768px)\"\n                                        srcset=\"https:\/\/www.thefutureisneutral.com\/app\/uploads\/2024\/10\/KV_NEUTRAL-1.jpg\"\/>\n                                <img decoding=\"async\"\n                                        src=\"https:\/\/www.thefutureisneutral.com\/app\/uploads\/2024\/10\/KV_NEUTRAL-1.jpg\"\n                                        alt=\"Renault &#038; SUEZ\"\/>\n                            <\/picture>\n                                                    <\/div>\n                                                                <div class=\"tag anybody-c uppercase\">Articles<\/div>\n                    \n                <\/div>\n                <div class=\"text\">\n\n                    \n                    <h3 class=\"txt-22\">SUEZ rentre au capital de The Future Is NEUTRAL<\/h3>\n                    <!-- -->\n                                        <a href=\"https:\/\/www.thefutureisneutral.com\/fr\/news\/suez-rentre-au-capital-de-the-future-is-neutral\/\" class=\"stretched-link\"><\/a>\n                <\/div>\n\n            <\/div>\n        <\/div>\n\n    <\/div>                            <\/div>\n            <div class=\"scrollbar-c\">\n                <div class=\"swiper-scrollbar swiper-scrollbar-cp-cards swiper-scrollbar-custom\"><\/div>\n            <\/div>\n        <\/div>\n\n    <\/div>\n            <canvas class=\"bg-gradient-animated height-100\" data-color=\"blue\" data-position=\"left_center\"><\/canvas>\n    <\/div>","protected":false},"author":2,"featured_media":2828,"menu_order":0,"template":"","news_types":[47],"class_list":["post-3208","news","type-news","status-publish","has-post-thumbnail","hentry","new_types-presse"],"acf":[],"yoast_head":"<!-- This site is optimized with the Yoast SEO plugin v21.8 - https:\/\/yoast.com\/wordpress\/plugins\/seo\/ -->\n<title>The Remakers pr\u00e9sente \u00e0 Rematec la 1\u00e8re offre europ\u00e9enne de remanufacturing d\u00e9di\u00e9e aux v\u00e9hicules \u00e9lectriques - The Future Is Neutral<\/title>\n<meta name=\"robots\" content=\"index, follow, max-snippet:-1, max-image-preview:large, max-video-preview:-1\" \/>\n<link rel=\"canonical\" href=\"https:\/\/www.thefutureisneutral.com\/fr\/news\/the-remakers-presente-a-rematec-la-1ere-offre-europeenne-de-remanufacturing-dediee-aux-vehicules-electriques\/\" \/>\n<meta property=\"og:locale\" content=\"fr_FR\" \/>\n<meta property=\"og:type\" content=\"article\" \/>\n<meta property=\"og:title\" content=\"The Remakers pr\u00e9sente \u00e0 Rematec la 1\u00e8re offre europ\u00e9enne de remanufacturing d\u00e9di\u00e9e aux v\u00e9hicules \u00e9lectriques - The Future Is Neutral\" \/>\n<meta property=\"og:url\" content=\"https:\/\/www.thefutureisneutral.com\/fr\/news\/the-remakers-presente-a-rematec-la-1ere-offre-europeenne-de-remanufacturing-dediee-aux-vehicules-electriques\/\" \/>\n<meta property=\"og:site_name\" content=\"The Future Is Neutral\" \/>\n<meta property=\"article:modified_time\" content=\"2025-04-01T12:00:27+00:00\" \/>\n<meta property=\"og:image\" content=\"https:\/\/www.thefutureisneutral.com\/app\/uploads\/2024\/05\/41c8a615ce782fb56ce0da21a2197fc9-l.jpg-1.jpg\" \/>\n\t<meta property=\"og:image:width\" content=\"1000\" \/>\n\t<meta property=\"og:image:height\" content=\"629\" \/>\n\t<meta property=\"og:image:type\" content=\"image\/jpeg\" \/>\n<meta name=\"twitter:card\" content=\"summary_large_image\" \/>\n<meta name=\"twitter:label1\" content=\"Est. reading time\" \/>\n\t<meta name=\"twitter:data1\" content=\"1 minute\" \/>\n<script type=\"application\/ld+json\" class=\"yoast-schema-graph\">{\"@context\":\"https:\/\/schema.org\",\"@graph\":[{\"@type\":\"WebPage\",\"@id\":\"https:\/\/www.thefutureisneutral.com\/fr\/news\/the-remakers-presente-a-rematec-la-1ere-offre-europeenne-de-remanufacturing-dediee-aux-vehicules-electriques\/\",\"url\":\"https:\/\/www.thefutureisneutral.com\/fr\/news\/the-remakers-presente-a-rematec-la-1ere-offre-europeenne-de-remanufacturing-dediee-aux-vehicules-electriques\/\",\"name\":\"The Remakers pr\u00e9sente \u00e0 Rematec la 1\u00e8re offre europ\u00e9enne de remanufacturing d\u00e9di\u00e9e aux v\u00e9hicules \u00e9lectriques - The Future Is Neutral\",\"isPartOf\":{\"@id\":\"https:\/\/www.thefutureisneutral.com\/fr\/#website\"},\"datePublished\":\"2025-04-01T12:00:24+00:00\",\"dateModified\":\"2025-04-01T12:00:27+00:00\",\"breadcrumb\":{\"@id\":\"https:\/\/www.thefutureisneutral.com\/fr\/news\/the-remakers-presente-a-rematec-la-1ere-offre-europeenne-de-remanufacturing-dediee-aux-vehicules-electriques\/#breadcrumb\"},\"inLanguage\":\"fr-FR\",\"potentialAction\":[{\"@type\":\"ReadAction\",\"target\":[\"https:\/\/www.thefutureisneutral.com\/fr\/news\/the-remakers-presente-a-rematec-la-1ere-offre-europeenne-de-remanufacturing-dediee-aux-vehicules-electriques\/\"]}]},{\"@type\":\"BreadcrumbList\",\"@id\":\"https:\/\/www.thefutureisneutral.com\/fr\/news\/the-remakers-presente-a-rematec-la-1ere-offre-europeenne-de-remanufacturing-dediee-aux-vehicules-electriques\/#breadcrumb\",\"itemListElement\":[{\"@type\":\"ListItem\",\"position\":1,\"name\":\"Home\",\"item\":\"https:\/\/www.thefutureisneutral.com\/fr\/\"},{\"@type\":\"ListItem\",\"position\":2,\"name\":\"The Remakers pr\u00e9sente \u00e0 Rematec la 1\u00e8re offre europ\u00e9enne de remanufacturing d\u00e9di\u00e9e aux v\u00e9hicules \u00e9lectriques\"}]},{\"@type\":\"WebSite\",\"@id\":\"https:\/\/www.thefutureisneutral.com\/fr\/#website\",\"url\":\"https:\/\/www.thefutureisneutral.com\/fr\/\",\"name\":\"The Future Is Neutral\",\"description\":\"\",\"publisher\":{\"@id\":\"https:\/\/www.thefutureisneutral.com\/fr\/#organization\"},\"potentialAction\":[{\"@type\":\"SearchAction\",\"target\":{\"@type\":\"EntryPoint\",\"urlTemplate\":\"https:\/\/www.thefutureisneutral.com\/fr\/?s={search_term_string}\"},\"query-input\":\"required name=search_term_string\"}],\"inLanguage\":\"fr-FR\"},{\"@type\":\"Organization\",\"@id\":\"https:\/\/www.thefutureisneutral.com\/fr\/#organization\",\"name\":\"The Future Is Neutral\",\"url\":\"https:\/\/www.thefutureisneutral.com\/fr\/\",\"logo\":{\"@type\":\"ImageObject\",\"inLanguage\":\"fr-FR\",\"@id\":\"https:\/\/www.thefutureisneutral.com\/fr\/#\/schema\/logo\/image\/\",\"url\":\"https:\/\/www.thefutureisneutral.com\/app\/uploads\/2024\/02\/0fcf8d27fb4aa2a16ac64c8989c3b9a2-l.jpg.webp\",\"contentUrl\":\"https:\/\/www.thefutureisneutral.com\/app\/uploads\/2024\/02\/0fcf8d27fb4aa2a16ac64c8989c3b9a2-l.jpg.webp\",\"width\":2000,\"height\":1125,\"caption\":\"The Future Is Neutral\"},\"image\":{\"@id\":\"https:\/\/www.thefutureisneutral.com\/fr\/#\/schema\/logo\/image\/\"},\"sameAs\":[\"https:\/\/www.linkedin.com\/company\/the-future-is-neutral\/\",\"https:\/\/www.youtube.com\/channel\/UCM7Q2CTHTbycgNXfxJjky0g\"]}]}<\/script>\n<!-- \/ Yoast SEO plugin. -->","yoast_head_json":{"title":"The Remakers pr\u00e9sente \u00e0 Rematec la 1\u00e8re offre europ\u00e9enne de remanufacturing d\u00e9di\u00e9e aux v\u00e9hicules \u00e9lectriques - The Future Is Neutral","robots":{"index":"index","follow":"follow","max-snippet":"max-snippet:-1","max-image-preview":"max-image-preview:large","max-video-preview":"max-video-preview:-1"},"canonical":"https:\/\/www.thefutureisneutral.com\/fr\/news\/the-remakers-presente-a-rematec-la-1ere-offre-europeenne-de-remanufacturing-dediee-aux-vehicules-electriques\/","og_locale":"fr_FR","og_type":"article","og_title":"The Remakers pr\u00e9sente \u00e0 Rematec la 1\u00e8re offre europ\u00e9enne de remanufacturing d\u00e9di\u00e9e aux v\u00e9hicules \u00e9lectriques - The Future Is Neutral","og_url":"https:\/\/www.thefutureisneutral.com\/fr\/news\/the-remakers-presente-a-rematec-la-1ere-offre-europeenne-de-remanufacturing-dediee-aux-vehicules-electriques\/","og_site_name":"The Future Is Neutral","article_modified_time":"2025-04-01T12:00:27+00:00","og_image":[{"width":1000,"height":629,"url":"https:\/\/www.thefutureisneutral.com\/app\/uploads\/2024\/05\/41c8a615ce782fb56ce0da21a2197fc9-l.jpg-1.jpg","type":"image\/jpeg"}],"twitter_card":"summary_large_image","twitter_misc":{"Est. reading time":"1 minute"},"schema":{"@context":"https:\/\/schema.org","@graph":[{"@type":"WebPage","@id":"https:\/\/www.thefutureisneutral.com\/fr\/news\/the-remakers-presente-a-rematec-la-1ere-offre-europeenne-de-remanufacturing-dediee-aux-vehicules-electriques\/","url":"https:\/\/www.thefutureisneutral.com\/fr\/news\/the-remakers-presente-a-rematec-la-1ere-offre-europeenne-de-remanufacturing-dediee-aux-vehicules-electriques\/","name":"The Remakers pr\u00e9sente \u00e0 Rematec la 1\u00e8re offre europ\u00e9enne de remanufacturing d\u00e9di\u00e9e aux v\u00e9hicules \u00e9lectriques - The Future Is Neutral","isPartOf":{"@id":"https:\/\/www.thefutureisneutral.com\/fr\/#website"},"datePublished":"2025-04-01T12:00:24+00:00","dateModified":"2025-04-01T12:00:27+00:00","breadcrumb":{"@id":"https:\/\/www.thefutureisneutral.com\/fr\/news\/the-remakers-presente-a-rematec-la-1ere-offre-europeenne-de-remanufacturing-dediee-aux-vehicules-electriques\/#breadcrumb"},"inLanguage":"fr-FR","potentialAction":[{"@type":"ReadAction","target":["https:\/\/www.thefutureisneutral.com\/fr\/news\/the-remakers-presente-a-rematec-la-1ere-offre-europeenne-de-remanufacturing-dediee-aux-vehicules-electriques\/"]}]},{"@type":"BreadcrumbList","@id":"https:\/\/www.thefutureisneutral.com\/fr\/news\/the-remakers-presente-a-rematec-la-1ere-offre-europeenne-de-remanufacturing-dediee-aux-vehicules-electriques\/#breadcrumb","itemListElement":[{"@type":"ListItem","position":1,"name":"Home","item":"https:\/\/www.thefutureisneutral.com\/fr\/"},{"@type":"ListItem","position":2,"name":"The Remakers pr\u00e9sente \u00e0 Rematec la 1\u00e8re offre europ\u00e9enne de remanufacturing d\u00e9di\u00e9e aux v\u00e9hicules \u00e9lectriques"}]},{"@type":"WebSite","@id":"https:\/\/www.thefutureisneutral.com\/fr\/#website","url":"https:\/\/www.thefutureisneutral.com\/fr\/","name":"The Future Is Neutral","description":"","publisher":{"@id":"https:\/\/www.thefutureisneutral.com\/fr\/#organization"},"potentialAction":[{"@type":"SearchAction","target":{"@type":"EntryPoint","urlTemplate":"https:\/\/www.thefutureisneutral.com\/fr\/?s={search_term_string}"},"query-input":"required name=search_term_string"}],"inLanguage":"fr-FR"},{"@type":"Organization","@id":"https:\/\/www.thefutureisneutral.com\/fr\/#organization","name":"The Future Is Neutral","url":"https:\/\/www.thefutureisneutral.com\/fr\/","logo":{"@type":"ImageObject","inLanguage":"fr-FR","@id":"https:\/\/www.thefutureisneutral.com\/fr\/#\/schema\/logo\/image\/","url":"https:\/\/www.thefutureisneutral.com\/app\/uploads\/2024\/02\/0fcf8d27fb4aa2a16ac64c8989c3b9a2-l.jpg.webp","contentUrl":"https:\/\/www.thefutureisneutral.com\/app\/uploads\/2024\/02\/0fcf8d27fb4aa2a16ac64c8989c3b9a2-l.jpg.webp","width":2000,"height":1125,"caption":"The Future Is Neutral"},"image":{"@id":"https:\/\/www.thefutureisneutral.com\/fr\/#\/schema\/logo\/image\/"},"sameAs":["https:\/\/www.linkedin.com\/company\/the-future-is-neutral\/","https:\/\/www.youtube.com\/channel\/UCM7Q2CTHTbycgNXfxJjky0g"]}]}},"_links":{"self":[{"href":"https:\/\/www.thefutureisneutral.com\/fr\/wp-json\/wp\/v2\/news\/3208","targetHints":{"allow":["GET"]}}],"collection":[{"href":"https:\/\/www.thefutureisneutral.com\/fr\/wp-json\/wp\/v2\/news"}],"about":[{"href":"https:\/\/www.thefutureisneutral.com\/fr\/wp-json\/wp\/v2\/types\/news"}],"author":[{"embeddable":true,"href":"https:\/\/www.thefutureisneutral.com\/fr\/wp-json\/wp\/v2\/users\/2"}],"wp:featuredmedia":[{"embeddable":true,"href":"https:\/\/www.thefutureisneutral.com\/fr\/wp-json\/wp\/v2\/media\/2828"}],"wp:attachment":[{"href":"https:\/\/www.thefutureisneutral.com\/fr\/wp-json\/wp\/v2\/media?parent=3208"}],"wp:term":[{"taxonomy":"new_types","embeddable":true,"href":"https:\/\/www.thefutureisneutral.com\/fr\/wp-json\/wp\/v2\/news_types?post=3208"}],"curies":[{"name":"wp","href":"https:\/\/api.w.org\/{rel}","templated":true}]}}