{"id":4236,"date":"2025-12-04T14:00:21","date_gmt":"2025-12-04T14:00:21","guid":{"rendered":"https:\/\/www.thefutureisneutral.com\/?post_type=news&#038;p=4236"},"modified":"2025-12-04T14:00:23","modified_gmt":"2025-12-04T14:00:23","slug":"the-future-is-neutral-opere-le-premier-systeme-individuel-en-france-pour-le-recyclage-de-batteries-de-vehicules-electriques","status":"publish","type":"news","link":"https:\/\/www.thefutureisneutral.com\/fr\/news\/the-future-is-neutral-opere-le-premier-systeme-individuel-en-france-pour-le-recyclage-de-batteries-de-vehicules-electriques\/","title":{"rendered":"The Future is NEUTRAL op\u00e8re le premier \u00ab\u00a0Syst\u00e8me Individuel\u00a0\u00bb\u00a0en France pour le recyclage de batteries de v\u00e9hicules \u00e9lectriques"},"content":{"rendered":"\n<div class=\"herobanner-txt-img\" data-scroll data-scroll-section>\n    <div class=\"cp-inner max-w d-flex flex-wrap\">\n        <div class=\"left col-12 col-sm-6 col-sm-6\">\n            <div class=\"text\">\n                                    <h1 class=\"title\">\n                        <span class=\"anybody-c w-600 txt-46 uppercase c-white\">\n                           The Future is NEUTRAL op\u00e8re le premier \u00ab Syst\u00e8me Individuel \u00bb                        <\/span>\n                                                    <br>\n                            <span class=\"anybody-c w-600 txt-46 uppercase stroke-c-white\">\n                                en France pour le recyclage de batteries de v\u00e9hicules \u00e9lectriques                            <\/span>\n                                            <\/h1>\n                \n                \n                            <\/div>\n\n        <\/div>\n        <div class=\"right col-12 col-sm-6\">\n                            <div class=\"img\">\n                    <img decoding=\"async\"\n                        src=\"https:\/\/www.thefutureisneutral.com\/app\/uploads\/2025\/12\/Indra_090222_ML_362-46-sur-144.jpg\"\n                        alt=\"\"\n                    \/>\n                <\/div>\n            \n            \n        <\/div>\n    <\/div>\n    <\/div>\n\n\n\n\n<div id=\"cp-wysiwyg-block_006831b2e8ed77d6489d83165d31561a\" class=\"cp-wysiwyg\" data-scroll-section>\n    <div class=\"max-w cp-inner d-flex\">\n        <div class=\"col-12 col-lg-10 offset-lg-1\">\n\n                            <ul>\n<li><strong>The Future is NEUTRAL op\u00e8re le premier Syst\u00e8me Individuel\u00a0en France pour la gestion de fin de vie des batteries des v\u00e9hicules \u00e9lectriques de Renault Group, suite \u00e0 l\u2019agr\u00e9ment paru au Journal Officiel le 28 novembre 2025.<\/strong><\/li>\n<li><strong>La Responsabilit\u00e9 \u00c9largie du Producteur (REP) est applicable, depuis ao\u00fbt 2025, au recyclage des batteries de v\u00e9hicules \u00e9lectriques et impose aux constructeurs d\u2019adh\u00e9rer \u00e0 un \u00e9co-organisme ou de mettre en place un Syst\u00e8me Individuel leur permettant de ma\u00eetriser la fili\u00e8re de bout en bout en vue de s\u00e9curiser notamment leur acc\u00e8s \u00e0 la mati\u00e8re recycl\u00e9e.<\/strong><\/li>\n<li><strong>Op\u00e9rant d\u00e9j\u00e0 le Syst\u00e8me Individuel pour la gestion de fin de vie des V\u00e9hicules Hors d\u2019Usage (VHU) pour 15 marques automobiles en France, The Future is NEUTRAL g\u00e8re d\u00e9sormais \u00e9galement la fin de vie des batteries.<\/strong><\/li>\n<li><strong>The Future is NEUTRAL s\u2019appuie notamment sur sa filiale INDRA AUTOMOBILE RECYCLING, experte du traitement des VHU ainsi que du diagnostic et de la mise en s\u00e9curit\u00e9 des batteries, afin de les diriger vers les fili\u00e8res de recyclage les plus comp\u00e9titives, avec le support de ses partenaires et de son actionnaire SUEZ, sp\u00e9cialiste du recyclage et de la valorisation des d\u00e9chets.<\/strong><\/li>\n<\/ul>\n<p><em>\u00a0<\/em><\/p>\n<p><strong><i>\u00ab\u00a0Ce premier agr\u00e9ment nous conforte sur la comp\u00e9titivit\u00e9 de notre offre de Syst\u00e8me Individuel pour la gestion de fin de vie des batteries de v\u00e9hicules \u00e9lectriques. \u00a0Fort de la compl\u00e9mentarit\u00e9 de nos filiales et partenaires, nous proposons nos solutions d\u2019\u00e9conomie circulaire \u00e0 tous les constructeurs automobiles.\u00a0\u00bb<\/i><\/strong><\/p>\n<p><strong>Yann Velluet, VP Business Batterie<br \/>\n<\/strong><\/p>\n<p>&nbsp;<\/p>\n<h2>Les enjeux de la fin de vie des batteries : une n\u00e9cessit\u00e9 \u00e9conomique et \u00e9cologique<\/h2>\n<p>Face aux enjeux \u00e9conomiques, \u00e9cologiques et de souverainet\u00e9 europ\u00e9enne, l\u2019\u00e9conomie circulaire s\u2019impose comme un levier dans la transformation de l\u2019industrie automobile. Engag\u00e9 dans cette transition, The Future is NEUTRAL d\u00e9veloppe des solutions pour accompagner la gestion de fin de vie des batteries et garantir leur recyclage et valorisation.<\/p>\n<p>Les batteries lithium-ion des v\u00e9hicules \u00e9lectriques sont compos\u00e9es de m\u00e9taux strat\u00e9giques\u00a0comme le lithium, le cobalt ou le nickel. \u00a0Ces mat\u00e9riaux sont essentiels \u00e0 la transition vers une mobilit\u00e9 d\u00e9carbon\u00e9e mais leur disponibilit\u00e9 reste limit\u00e9e en Europe. Limiter cette d\u00e9pendance est essentiel afin de garantir la souverainet\u00e9 europ\u00e9enne.<\/p>\n<p>La demande croissante en lithium, cobalt ou nickel accentue une tension d\u00e9j\u00e0 pr\u00e9sente dans leur approvisionnement depuis plusieurs ann\u00e9es. L\u2019Agence Internationale de l\u2019Energie (IEA) souligne dans un rapport publi\u00e9 en mai 2025 que la demande pour ces mat\u00e9riaux pourrait \u00eatre multipli\u00e9e par trois \u00e0 six d\u2019ici 2040, une croissance port\u00e9e notamment par l\u2019essor des v\u00e9hicules \u00e9lectriques, des mobilit\u00e9s douces et des \u00e9quipements portatifs.<\/p>\n<h2>R\u00e9parer et r\u00e9utiliser avant de recycler les batteries<\/h2>\n<p>La dur\u00e9e de vie d\u2019une batterie de v\u00e9hicule \u00e9lectrique est aujourd\u2019hui estim\u00e9e \u00e0 plus de 15 ans.<\/p>\n<p>The Future is NEUTRAL s\u2019appuie sur sa filiale GAIA pour r\u00e9parer les batteries et les maintenir dans les v\u00e9hicules le plus longtemps possible. Plus de 18 000 batteries ont ainsi d\u00e9j\u00e0 \u00e9t\u00e9 r\u00e9par\u00e9es par GAIA depuis 2012.<\/p>\n<p>La batterie ne s\u2019arr\u00eate pas \u00e0 sa vie automobile. Lorsque sa capacit\u00e9 restante n\u2019est plus compatible avec un usage automobile ou si elle est encore en \u00e9tat de fonctionnement \u00e0 la fin de vie du v\u00e9hicule, GAIA peut \u00e9galement la pr\u00e9parer pour une nouvelle utilisation\u00a0: stockage stationnaire ou autres objets de mobilit\u00e9.<\/p>\n<h2>Recycler les batteries<\/h2>\n<p>Depuis ao\u00fbt 2025, la nouvelle r\u00e9glementation europ\u00e9enne sur la Responsabilit\u00e9 \u00c9largie du Producteur impose aux constructeurs automobiles de financer la collecte, d\u2019assurer la tra\u00e7abilit\u00e9 et de contribuer activement au recyclage des batteries lithium-ion. Ces obligations s\u2019inscrivent dans un cadre europ\u00e9en ambitieux, avec des objectifs de recyclage progressivement s\u00e9v\u00e9ris\u00e9s.<\/p>\n<p>Dans cette perspective, The Future is NEUTRAL et ses partenaires participent au d\u00e9veloppement d\u2019une fili\u00e8re europ\u00e9enne de recyclage des batteries en boucle ferm\u00e9e, afin de r\u00e9int\u00e9grer les m\u00e9taux recycl\u00e9s dans les batteries neuves comme l\u2019imposera la r\u00e9glementation europ\u00e9enne \u00e0 partir de 2031.<\/p>\n<p>The Future is NEUTRAL y contribue en proposant une gestion de l\u2019ensemble des op\u00e9rations n\u00e9cessaires au recyclage :<\/p>\n<ul>\n<li>Avant d\u2019\u00eatre recycl\u00e9es, les batteries issues des v\u00e9hicules \u00e9lectriques hors d\u2019usage (VHU) sont d\u2019abord d\u00e9pos\u00e9es du v\u00e9hicule suivant un mode op\u00e9ratoire pr\u00e9cis qui garantit qualit\u00e9 et s\u00e9curit\u00e9.<\/li>\n<li>Ces op\u00e9rations sont r\u00e9alis\u00e9es par des centres de d\u00e9construction de v\u00e9hicules hors d\u2019usage (CVHU) qui prennent en charge et traitent des v\u00e9hicules \u00e9lectriques ou hybrides, comme ceux du r\u00e9seau d\u2019INDRA AUTOMOBILE RECYCLING, leader du traitement des VHU en France.<\/li>\n<li>Elles sont ensuite tri\u00e9es et achemin\u00e9es vers des fili\u00e8res sp\u00e9cialis\u00e9es o\u00f9 elles sont d\u00e9charg\u00e9es, d\u00e9mantel\u00e9es et recycl\u00e9es selon les objectifs de la r\u00e9glementation europ\u00e9enne.<\/li>\n<\/ul>\n<table style=\"border-collapse: collapse; width: 100%;\" border=\"1\">\n<tbody>\n<tr>\n<td style=\"width: 98.5669%;\"><span style=\"text-decoration: underline;\"><strong>D\u00e9finitions<\/strong><strong>\u00a0<\/strong><\/span><\/p>\n<div>\n<ul>\n<li><strong>Responsabilit\u00e9 \u00c9largie du Producteur (REP) <\/strong>: La Responsabilit\u00e9 \u00c9largie du Producteur mobilise fabricants, distributeurs et importateurs dans une d\u00e9marche d\u2019\u00e9conomie circulaire. Ils contribuent \u00e0 prolonger la dur\u00e9e de vie des produits et \u00e0 r\u00e9duire les d\u00e9chets en int\u00e9grant l\u2019\u00e9co-conception, la r\u00e9paration, le r\u00e9emploi et le recyclage.<\/li>\n<li><strong>\u00c9co-organisme<\/strong>\u00a0: Un \u00e9co-organisme est une structure collective agr\u00e9\u00e9e par l\u2019\u00c9tat qui prend en charge, pour ses adh\u00e9rents, l\u2019ensemble des obligations li\u00e9es \u00e0 la REP.<\/li>\n<li><strong>Syst\u00e8me Individuel (SI) <\/strong>: Le Syst\u00e8me Individuel est une option personnalis\u00e9e mais plus exigeante. Il permet au fabricant de remplir ses obligations, sans passer par un \u00e9co-organisme.\u00a0Le Syst\u00e8me Individuel est plus adapt\u00e9 aux entreprises capables de g\u00e9rer la fili\u00e8re de bout en bout et d\u00e9sireuses de s\u00e9curiser leur propre acc\u00e8s \u00e0 la mati\u00e8re recycl\u00e9e en vue des futures exigences r\u00e8glementaires.<\/li>\n<\/ul>\n<p><strong>Source :\u00a0 <\/strong>https:\/\/filieres-rep.ademe.fr\/<\/p>\n<\/div>\n<\/td>\n<\/tr>\n<\/tbody>\n<\/table>\n                    <\/div>\n\n    <\/div>\n<\/div>\n\n\n\n\n<div id=\"cp-download.-block_7025de54c635e09f24c264fe65a31022\" class=\"cp-download\" data-scroll-section>\n    <div class=\"max-w cp-inner d-flex flex-wrap\">\n\n                    <div class=\"col-12 top\">\n                <h2 class=\"txt-32 c-white anybody-c w-600 uppercase subtitle\">\n                    DOCUMENTS                    <br>\n                    <span class=\"stroke-c-white w-600 stroke-light\">\n                                            <\/span>\n                <\/h2>\n            <\/div>\n        \n                    <div class=\"col-12 list d-flex flex-wrap\">\n                                    <div class=\"item-download\">\n                        <div class=\"inner d-flex flex-wrap\">\n\n                            \n                            <div class=\"content\">\n                                <h3 class=\"txt-22 w-700\">Communiqu\u00e9 de presse<\/h3>\n\n                                <a href=\"https:\/\/www.thefutureisneutral.com\/app\/uploads\/2025\/12\/20251202-CP-The-Future-is-NEUTRAL-Systeme-Individuel-Batterie-1.pdf\" class=\"d-flex doc-link\"  download=\"https:\/\/www.thefutureisneutral.com\/app\/uploads\/2025\/12\/20251202-CP-The-Future-is-NEUTRAL-Systeme-Individuel-Batterie-1.pdf\" data-no-swup>\n\n                                    <svg width=\"16\" height=\"21\" viewBox=\"0 0 16 21\" fill=\"none\" xmlns=\"http:\/\/www.w3.org\/2000\/svg\">\n                                        <path fill-rule=\"evenodd\" clip-rule=\"evenodd\" d=\"M8.554 0.0871582L8.56816 13.6123L13.8104 8.59782L15.0818 9.92696L8.19827 16.5114L6.898 16.4826L0 9.27127L1.32914 7.99988L6.72889 13.6449L6.7147 0.089084L8.554 0.0871582ZM15 19.0729L0 19.0729L0 20.9129L15 20.9129V19.0729Z\" fill=\"white\"\/>\n                                    <\/svg>\n\n                                                                            <span> \n                                            T\u00e9l\u00e9charger                                            <span class=\"hidden-mobile\"> (PDF, 373ko)<\/span>\n                                        <\/span>\n                                                                    <\/a>\n                            <\/div>\n                        <\/div>\n                    <\/div>\n                                    <div class=\"item-download\">\n                        <div class=\"inner d-flex flex-wrap\">\n\n                                                            <div class=\"img\">\n                                    <picture class=\"width-100\">\n                                        <source media=\"(max-width: 767px)\"\n                                                srcset=\"https:\/\/www.thefutureisneutral.com\/app\/uploads\/2025\/12\/Indra_090222_ML_362-46-sur-144.jpg\"\/>\n                                        <source media=\"(min-width: 768px)\"\n                                                srcset=\"https:\/\/www.thefutureisneutral.com\/app\/uploads\/2025\/12\/Indra_090222_ML_362-46-sur-144.jpg\"\/>\n                                        <img decoding=\"async\"\n                                                src=\"https:\/\/www.thefutureisneutral.com\/app\/uploads\/2025\/12\/Indra_090222_ML_362-46-sur-144.jpg\"\n                                                alt=\"\"\/>\n                                    <\/picture>\n                                <\/div>\n                            \n                            <div class=\"content\">\n                                <h3 class=\"txt-22 w-700\">Indra \/ \u00a9 Indra<\/h3>\n\n                                <a href=\"https:\/\/www.thefutureisneutral.com\/app\/uploads\/2025\/12\/Indra_090222_ML_362-46-sur-144.jpg\" class=\"d-flex doc-link\"  download=\"https:\/\/www.thefutureisneutral.com\/app\/uploads\/2025\/12\/Indra_090222_ML_362-46-sur-144.jpg\" data-no-swup>\n\n                                    <svg width=\"16\" height=\"21\" viewBox=\"0 0 16 21\" fill=\"none\" xmlns=\"http:\/\/www.w3.org\/2000\/svg\">\n                                        <path fill-rule=\"evenodd\" clip-rule=\"evenodd\" d=\"M8.554 0.0871582L8.56816 13.6123L13.8104 8.59782L15.0818 9.92696L8.19827 16.5114L6.898 16.4826L0 9.27127L1.32914 7.99988L6.72889 13.6449L6.7147 0.089084L8.554 0.0871582ZM15 19.0729L0 19.0729L0 20.9129L15 20.9129V19.0729Z\" fill=\"white\"\/>\n                                    <\/svg>\n\n                                                                            <span> \n                                            T\u00e9l\u00e9charger                                            <span class=\"hidden-mobile\"> (JPEG, 3mo)<\/span>\n                                        <\/span>\n                                                                    <\/a>\n                            <\/div>\n                        <\/div>\n                    <\/div>\n                            <\/div>\n            <\/div>\n<\/div>\n\n\n\n\n<div id=\"cp-cards-block_84d2c1b84672ef3bf970ee5f588297ef\" class=\"cp-cards \">\n        <div class=\"cp-inner max-w\">\n        <div class=\"col-12\">\n            <h2 class=\"txt-72 anybody-c w-600 c-white mb-2\">\n                CES CONTENUS                                <br>\n                <span class=\"stroke-c-white w-600\">PEUVENT VOUS INT\u00c9RESSER<\/span>\n                            <\/h2>\n        <\/div>\n    <\/div>\n        <div class=\"cp-inner max-w d-flex flex-wrap list\">\n        <div class=\"swiper swiper-cp-cards\">\n            <div class=\"swiper-wrapper\">\n                                    <div class=\"swiper-slide\">\n        <div class=\"c-white card-news\">\n            <div class=\"card-inner\">\n                <div class=\"img\">\n\n                                            <div class=\"img\">\n                            <picture class=\"width-100\">\n                                <source media=\"(max-width: 767px)\"\n                                        srcset=\"https:\/\/www.thefutureisneutral.com\/app\/uploads\/2024\/10\/RENAULT_NEUTRAL_LOGOTYPE_BLANC_COLORWAY-6_RVB.webp\"\/>\n                                <source media=\"(min-width: 768px)\"\n                                        srcset=\"https:\/\/www.thefutureisneutral.com\/app\/uploads\/2024\/10\/RENAULT_NEUTRAL_LOGOTYPE_BLANC_COLORWAY-6_RVB.webp\"\/>\n                                <img decoding=\"async\"\n                                        src=\"https:\/\/www.thefutureisneutral.com\/app\/uploads\/2024\/10\/RENAULT_NEUTRAL_LOGOTYPE_BLANC_COLORWAY-6_RVB.webp\"\n                                        alt=\"\"\/>\n                            <\/picture>\n                                                    <\/div>\n                                                                <div class=\"tag anybody-c uppercase\">Communiqu\u00e9s de presse<\/div>\n                    \n                <\/div>\n                <div class=\"text\">\n\n                    \n                    <h3 class=\"txt-22\">Nominations au sein du Comit\u00e9 de Direction de The Future Is NEUTRAL<\/h3>\n                    <!-- -->\n                                        <a href=\"https:\/\/www.thefutureisneutral.com\/fr\/news\/nominations-au-sein-du-comite-de-direction-de-the-future-is-neutral\/\" class=\"stretched-link\"><\/a>\n                <\/div>\n\n            <\/div>\n        <\/div>\n\n    <\/div><div class=\"swiper-slide\">\n        <div class=\"c-white card-news\">\n            <div class=\"card-inner\">\n                <div class=\"img\">\n\n                                            <div class=\"img\">\n                            <picture class=\"width-100\">\n                                <source media=\"(max-width: 767px)\"\n                                        srcset=\"https:\/\/www.thefutureisneutral.com\/app\/uploads\/2024\/07\/PHOTODEPROMO-S2.jpeg\"\/>\n                                <source media=\"(min-width: 768px)\"\n                                        srcset=\"https:\/\/www.thefutureisneutral.com\/app\/uploads\/2024\/07\/PHOTODEPROMO-S2.jpeg\"\/>\n                                <img decoding=\"async\"\n                                        src=\"https:\/\/www.thefutureisneutral.com\/app\/uploads\/2024\/07\/PHOTODEPROMO-S2.jpeg\"\n                                        alt=\"\"\/>\n                            <\/picture>\n                                                    <\/div>\n                                                                <div class=\"tag anybody-c uppercase\">Articles<\/div>\n                    \n                <\/div>\n                <div class=\"text\">\n\n                    \n                    <h3 class=\"txt-22\">Derni\u00e8re ligne droite pour candidater au programme du Hub d&#8217;Open Innovation de The Future Is NEUTRAL<\/h3>\n                    <!-- -->\n                                        <a href=\"https:\/\/www.thefutureisneutral.com\/fr\/news\/derniere-ligne-droite-pour-candidater-au-programme-du-hub-dopen-innovation-de-the-future-is-neutral\/\" class=\"stretched-link\"><\/a>\n                <\/div>\n\n            <\/div>\n        <\/div>\n\n    <\/div><div class=\"swiper-slide\">\n        <div class=\"c-white card-news\">\n            <div class=\"card-inner\">\n                <div class=\"img\">\n\n                                            <div class=\"img\">\n                            <picture class=\"width-100\">\n                                <source media=\"(max-width: 767px)\"\n                                        srcset=\"https:\/\/www.thefutureisneutral.com\/app\/uploads\/2025\/06\/Web_Medium-20150716_jensschlueter_5628.jpg\"\/>\n                                <source media=\"(min-width: 768px)\"\n                                        srcset=\"https:\/\/www.thefutureisneutral.com\/app\/uploads\/2025\/06\/Web_Medium-20150716_jensschlueter_5628.jpg\"\/>\n                                <img decoding=\"async\"\n                                        src=\"https:\/\/www.thefutureisneutral.com\/app\/uploads\/2025\/06\/Web_Medium-20150716_jensschlueter_5628.jpg\"\n                                        alt=\"\"\/>\n                            <\/picture>\n                                                    <\/div>\n                                                                <div class=\"tag anybody-c uppercase\">Communiqu\u00e9s de presse<\/div>\n                    \n                <\/div>\n                <div class=\"text\">\n\n                    \n                    <h3 class=\"txt-22\">Novelis et The Future Is NEUTRAL am\u00e9liorent la circularit\u00e9 automobile gr\u00e2ce au recyclage de l&#8217;aluminium<\/h3>\n                    <!-- -->\n                                        <a href=\"https:\/\/www.thefutureisneutral.com\/fr\/news\/novelis-et-the-future-is-neutral-ameliorent-la-circularite-automobile-grace-au-recyclage-de-laluminium\/\" class=\"stretched-link\"><\/a>\n                <\/div>\n\n            <\/div>\n        <\/div>\n\n    <\/div>                            <\/div>\n            <div class=\"scrollbar-c\">\n                <div class=\"swiper-scrollbar swiper-scrollbar-cp-cards swiper-scrollbar-custom\"><\/div>\n            <\/div>\n        <\/div>\n\n    <\/div>\n    <\/div>","protected":false},"author":2,"featured_media":4240,"menu_order":0,"template":"","news_types":[47],"class_list":["post-4236","news","type-news","status-publish","has-post-thumbnail","hentry","new_types-presse"],"acf":[],"yoast_head":"<!-- This site is optimized with the Yoast SEO plugin v21.8 - https:\/\/yoast.com\/wordpress\/plugins\/seo\/ -->\n<title>The Future is NEUTRAL op\u00e8re le premier \u00ab\u00a0Syst\u00e8me Individuel\u00a0\u00bb\u00a0en France pour le recyclage de batteries de v\u00e9hicules \u00e9lectriques - The Future Is Neutral<\/title>\n<meta name=\"description\" content=\"The Future is NEUTRAL op\u00e8re le premier Syst\u00e8me Individuel\u00a0en France pour la gestion de fin de vie des batteries des v\u00e9hicules \u00e9lectriques de Renault Group, suite \u00e0 l\u2019agr\u00e9ment paru au Journal Officiel le 28 novembre 2025.\" \/>\n<meta name=\"robots\" content=\"index, follow, max-snippet:-1, max-image-preview:large, max-video-preview:-1\" \/>\n<link rel=\"canonical\" href=\"https:\/\/www.thefutureisneutral.com\/fr\/news\/the-future-is-neutral-opere-le-premier-systeme-individuel-en-france-pour-le-recyclage-de-batteries-de-vehicules-electriques\/\" \/>\n<meta property=\"og:locale\" content=\"fr_FR\" \/>\n<meta property=\"og:type\" content=\"article\" \/>\n<meta property=\"og:title\" content=\"The Future is NEUTRAL op\u00e8re le premier \u00ab\u00a0Syst\u00e8me Individuel\u00a0\u00bb\u00a0en France pour le recyclage de batteries de v\u00e9hicules \u00e9lectriques - The Future Is Neutral\" \/>\n<meta property=\"og:description\" content=\"The Future is NEUTRAL op\u00e8re le premier Syst\u00e8me Individuel\u00a0en France pour la gestion de fin de vie des batteries des v\u00e9hicules \u00e9lectriques de Renault Group, suite \u00e0 l\u2019agr\u00e9ment paru au Journal Officiel le 28 novembre 2025.\" \/>\n<meta property=\"og:url\" content=\"https:\/\/www.thefutureisneutral.com\/fr\/news\/the-future-is-neutral-opere-le-premier-systeme-individuel-en-france-pour-le-recyclage-de-batteries-de-vehicules-electriques\/\" \/>\n<meta property=\"og:site_name\" content=\"The Future Is Neutral\" \/>\n<meta property=\"article:modified_time\" content=\"2025-12-04T14:00:23+00:00\" \/>\n<meta property=\"og:image\" content=\"https:\/\/www.thefutureisneutral.com\/app\/uploads\/2025\/12\/Indra_090222_ML_362-46-sur-144-1024x683.jpg\" \/>\n\t<meta property=\"og:image:width\" content=\"1024\" \/>\n\t<meta property=\"og:image:height\" content=\"683\" \/>\n\t<meta property=\"og:image:type\" content=\"image\/jpeg\" \/>\n<meta name=\"twitter:card\" content=\"summary_large_image\" \/>\n<meta name=\"twitter:label1\" content=\"Est. reading time\" \/>\n\t<meta name=\"twitter:data1\" content=\"1 minute\" \/>\n<script type=\"application\/ld+json\" class=\"yoast-schema-graph\">{\"@context\":\"https:\/\/schema.org\",\"@graph\":[{\"@type\":\"WebPage\",\"@id\":\"https:\/\/www.thefutureisneutral.com\/fr\/news\/the-future-is-neutral-opere-le-premier-systeme-individuel-en-france-pour-le-recyclage-de-batteries-de-vehicules-electriques\/\",\"url\":\"https:\/\/www.thefutureisneutral.com\/fr\/news\/the-future-is-neutral-opere-le-premier-systeme-individuel-en-france-pour-le-recyclage-de-batteries-de-vehicules-electriques\/\",\"name\":\"The Future is NEUTRAL op\u00e8re le premier \u00ab\u00a0Syst\u00e8me Individuel\u00a0\u00bb\u00a0en France pour le recyclage de batteries de v\u00e9hicules \u00e9lectriques - The Future Is Neutral\",\"isPartOf\":{\"@id\":\"https:\/\/www.thefutureisneutral.com\/fr\/#website\"},\"datePublished\":\"2025-12-04T14:00:21+00:00\",\"dateModified\":\"2025-12-04T14:00:23+00:00\",\"description\":\"The Future is NEUTRAL op\u00e8re le premier Syst\u00e8me Individuel\u00a0en France pour la gestion de fin de vie des batteries des v\u00e9hicules \u00e9lectriques de Renault Group, suite \u00e0 l\u2019agr\u00e9ment paru au Journal Officiel le 28 novembre 2025.\",\"breadcrumb\":{\"@id\":\"https:\/\/www.thefutureisneutral.com\/fr\/news\/the-future-is-neutral-opere-le-premier-systeme-individuel-en-france-pour-le-recyclage-de-batteries-de-vehicules-electriques\/#breadcrumb\"},\"inLanguage\":\"fr-FR\",\"potentialAction\":[{\"@type\":\"ReadAction\",\"target\":[\"https:\/\/www.thefutureisneutral.com\/fr\/news\/the-future-is-neutral-opere-le-premier-systeme-individuel-en-france-pour-le-recyclage-de-batteries-de-vehicules-electriques\/\"]}]},{\"@type\":\"BreadcrumbList\",\"@id\":\"https:\/\/www.thefutureisneutral.com\/fr\/news\/the-future-is-neutral-opere-le-premier-systeme-individuel-en-france-pour-le-recyclage-de-batteries-de-vehicules-electriques\/#breadcrumb\",\"itemListElement\":[{\"@type\":\"ListItem\",\"position\":1,\"name\":\"Home\",\"item\":\"https:\/\/www.thefutureisneutral.com\/fr\/\"},{\"@type\":\"ListItem\",\"position\":2,\"name\":\"The Future is NEUTRAL op\u00e8re le premier \u00ab\u00a0Syst\u00e8me Individuel\u00a0\u00bb\u00a0en France pour le recyclage de batteries de v\u00e9hicules \u00e9lectriques\"}]},{\"@type\":\"WebSite\",\"@id\":\"https:\/\/www.thefutureisneutral.com\/fr\/#website\",\"url\":\"https:\/\/www.thefutureisneutral.com\/fr\/\",\"name\":\"The Future Is Neutral\",\"description\":\"\",\"publisher\":{\"@id\":\"https:\/\/www.thefutureisneutral.com\/fr\/#organization\"},\"potentialAction\":[{\"@type\":\"SearchAction\",\"target\":{\"@type\":\"EntryPoint\",\"urlTemplate\":\"https:\/\/www.thefutureisneutral.com\/fr\/?s={search_term_string}\"},\"query-input\":\"required name=search_term_string\"}],\"inLanguage\":\"fr-FR\"},{\"@type\":\"Organization\",\"@id\":\"https:\/\/www.thefutureisneutral.com\/fr\/#organization\",\"name\":\"The Future Is Neutral\",\"url\":\"https:\/\/www.thefutureisneutral.com\/fr\/\",\"logo\":{\"@type\":\"ImageObject\",\"inLanguage\":\"fr-FR\",\"@id\":\"https:\/\/www.thefutureisneutral.com\/fr\/#\/schema\/logo\/image\/\",\"url\":\"https:\/\/www.thefutureisneutral.com\/app\/uploads\/2024\/02\/0fcf8d27fb4aa2a16ac64c8989c3b9a2-l.jpg.webp\",\"contentUrl\":\"https:\/\/www.thefutureisneutral.com\/app\/uploads\/2024\/02\/0fcf8d27fb4aa2a16ac64c8989c3b9a2-l.jpg.webp\",\"width\":2000,\"height\":1125,\"caption\":\"The Future Is Neutral\"},\"image\":{\"@id\":\"https:\/\/www.thefutureisneutral.com\/fr\/#\/schema\/logo\/image\/\"},\"sameAs\":[\"https:\/\/www.linkedin.com\/company\/the-future-is-neutral\/\",\"https:\/\/www.youtube.com\/channel\/UCM7Q2CTHTbycgNXfxJjky0g\"]}]}<\/script>\n<!-- \/ Yoast SEO plugin. -->","yoast_head_json":{"title":"The Future is NEUTRAL op\u00e8re le premier \u00ab\u00a0Syst\u00e8me Individuel\u00a0\u00bb\u00a0en France pour le recyclage de batteries de v\u00e9hicules \u00e9lectriques - The Future Is Neutral","description":"The Future is NEUTRAL op\u00e8re le premier Syst\u00e8me Individuel\u00a0en France pour la gestion de fin de vie des batteries des v\u00e9hicules \u00e9lectriques de Renault Group, suite \u00e0 l\u2019agr\u00e9ment paru au Journal Officiel le 28 novembre 2025.","robots":{"index":"index","follow":"follow","max-snippet":"max-snippet:-1","max-image-preview":"max-image-preview:large","max-video-preview":"max-video-preview:-1"},"canonical":"https:\/\/www.thefutureisneutral.com\/fr\/news\/the-future-is-neutral-opere-le-premier-systeme-individuel-en-france-pour-le-recyclage-de-batteries-de-vehicules-electriques\/","og_locale":"fr_FR","og_type":"article","og_title":"The Future is NEUTRAL op\u00e8re le premier \u00ab\u00a0Syst\u00e8me Individuel\u00a0\u00bb\u00a0en France pour le recyclage de batteries de v\u00e9hicules \u00e9lectriques - The Future Is Neutral","og_description":"The Future is NEUTRAL op\u00e8re le premier Syst\u00e8me Individuel\u00a0en France pour la gestion de fin de vie des batteries des v\u00e9hicules \u00e9lectriques de Renault Group, suite \u00e0 l\u2019agr\u00e9ment paru au Journal Officiel le 28 novembre 2025.","og_url":"https:\/\/www.thefutureisneutral.com\/fr\/news\/the-future-is-neutral-opere-le-premier-systeme-individuel-en-france-pour-le-recyclage-de-batteries-de-vehicules-electriques\/","og_site_name":"The Future Is Neutral","article_modified_time":"2025-12-04T14:00:23+00:00","og_image":[{"width":1024,"height":683,"url":"https:\/\/www.thefutureisneutral.com\/app\/uploads\/2025\/12\/Indra_090222_ML_362-46-sur-144-1024x683.jpg","type":"image\/jpeg"}],"twitter_card":"summary_large_image","twitter_misc":{"Est. reading time":"1 minute"},"schema":{"@context":"https:\/\/schema.org","@graph":[{"@type":"WebPage","@id":"https:\/\/www.thefutureisneutral.com\/fr\/news\/the-future-is-neutral-opere-le-premier-systeme-individuel-en-france-pour-le-recyclage-de-batteries-de-vehicules-electriques\/","url":"https:\/\/www.thefutureisneutral.com\/fr\/news\/the-future-is-neutral-opere-le-premier-systeme-individuel-en-france-pour-le-recyclage-de-batteries-de-vehicules-electriques\/","name":"The Future is NEUTRAL op\u00e8re le premier \u00ab\u00a0Syst\u00e8me Individuel\u00a0\u00bb\u00a0en France pour le recyclage de batteries de v\u00e9hicules \u00e9lectriques - The Future Is Neutral","isPartOf":{"@id":"https:\/\/www.thefutureisneutral.com\/fr\/#website"},"datePublished":"2025-12-04T14:00:21+00:00","dateModified":"2025-12-04T14:00:23+00:00","description":"The Future is NEUTRAL op\u00e8re le premier Syst\u00e8me Individuel\u00a0en France pour la gestion de fin de vie des batteries des v\u00e9hicules \u00e9lectriques de Renault Group, suite \u00e0 l\u2019agr\u00e9ment paru au Journal Officiel le 28 novembre 2025.","breadcrumb":{"@id":"https:\/\/www.thefutureisneutral.com\/fr\/news\/the-future-is-neutral-opere-le-premier-systeme-individuel-en-france-pour-le-recyclage-de-batteries-de-vehicules-electriques\/#breadcrumb"},"inLanguage":"fr-FR","potentialAction":[{"@type":"ReadAction","target":["https:\/\/www.thefutureisneutral.com\/fr\/news\/the-future-is-neutral-opere-le-premier-systeme-individuel-en-france-pour-le-recyclage-de-batteries-de-vehicules-electriques\/"]}]},{"@type":"BreadcrumbList","@id":"https:\/\/www.thefutureisneutral.com\/fr\/news\/the-future-is-neutral-opere-le-premier-systeme-individuel-en-france-pour-le-recyclage-de-batteries-de-vehicules-electriques\/#breadcrumb","itemListElement":[{"@type":"ListItem","position":1,"name":"Home","item":"https:\/\/www.thefutureisneutral.com\/fr\/"},{"@type":"ListItem","position":2,"name":"The Future is NEUTRAL op\u00e8re le premier \u00ab\u00a0Syst\u00e8me Individuel\u00a0\u00bb\u00a0en France pour le recyclage de batteries de v\u00e9hicules \u00e9lectriques"}]},{"@type":"WebSite","@id":"https:\/\/www.thefutureisneutral.com\/fr\/#website","url":"https:\/\/www.thefutureisneutral.com\/fr\/","name":"The Future Is Neutral","description":"","publisher":{"@id":"https:\/\/www.thefutureisneutral.com\/fr\/#organization"},"potentialAction":[{"@type":"SearchAction","target":{"@type":"EntryPoint","urlTemplate":"https:\/\/www.thefutureisneutral.com\/fr\/?s={search_term_string}"},"query-input":"required name=search_term_string"}],"inLanguage":"fr-FR"},{"@type":"Organization","@id":"https:\/\/www.thefutureisneutral.com\/fr\/#organization","name":"The Future Is Neutral","url":"https:\/\/www.thefutureisneutral.com\/fr\/","logo":{"@type":"ImageObject","inLanguage":"fr-FR","@id":"https:\/\/www.thefutureisneutral.com\/fr\/#\/schema\/logo\/image\/","url":"https:\/\/www.thefutureisneutral.com\/app\/uploads\/2024\/02\/0fcf8d27fb4aa2a16ac64c8989c3b9a2-l.jpg.webp","contentUrl":"https:\/\/www.thefutureisneutral.com\/app\/uploads\/2024\/02\/0fcf8d27fb4aa2a16ac64c8989c3b9a2-l.jpg.webp","width":2000,"height":1125,"caption":"The Future Is Neutral"},"image":{"@id":"https:\/\/www.thefutureisneutral.com\/fr\/#\/schema\/logo\/image\/"},"sameAs":["https:\/\/www.linkedin.com\/company\/the-future-is-neutral\/","https:\/\/www.youtube.com\/channel\/UCM7Q2CTHTbycgNXfxJjky0g"]}]}},"_links":{"self":[{"href":"https:\/\/www.thefutureisneutral.com\/fr\/wp-json\/wp\/v2\/news\/4236","targetHints":{"allow":["GET"]}}],"collection":[{"href":"https:\/\/www.thefutureisneutral.com\/fr\/wp-json\/wp\/v2\/news"}],"about":[{"href":"https:\/\/www.thefutureisneutral.com\/fr\/wp-json\/wp\/v2\/types\/news"}],"author":[{"embeddable":true,"href":"https:\/\/www.thefutureisneutral.com\/fr\/wp-json\/wp\/v2\/users\/2"}],"wp:featuredmedia":[{"embeddable":true,"href":"https:\/\/www.thefutureisneutral.com\/fr\/wp-json\/wp\/v2\/media\/4240"}],"wp:attachment":[{"href":"https:\/\/www.thefutureisneutral.com\/fr\/wp-json\/wp\/v2\/media?parent=4236"}],"wp:term":[{"taxonomy":"new_types","embeddable":true,"href":"https:\/\/www.thefutureisneutral.com\/fr\/wp-json\/wp\/v2\/news_types?post=4236"}],"curies":[{"name":"wp","href":"https:\/\/api.w.org\/{rel}","templated":true}]}}